{"id":5287,"date":"2013-04-04T11:44:29","date_gmt":"2013-04-04T14:44:29","guid":{"rendered":"http:\/\/archivosonoro.com.ar\/?p=5287"},"modified":"2013-04-04T11:44:29","modified_gmt":"2013-04-04T14:44:29","slug":"sinchicay-v-ipauss-exigira-el-pago-de-deuda-a-los-municipios","status":"publish","type":"post","link":"https:\/\/archivosonoro.com.ar\/wordpress\/?p=5287","title":{"rendered":"Sinchicay V: IPAUSS exigir\u00e1 el pago de deuda a los municipios."},"content":{"rendered":"<p>El Directorio del IPAUSS aprob\u00f3 la certificaci\u00f3n de deuda que hiciera el Tribunal de Cuentas y ahora reclamar\u00e1 a los legisladores el tratamiento del presupuesto ya que es el \u00fanico organismo que se maneja con un reconducido.<br \/>\nVicente Sinchicay adelanto que a partir de la convalidaci\u00f3n de deuda por parte del Directorio, se iniciar\u00e1n las acciones judiciales sobre las deudas de los municipios y exigir\u00e1n se presupuesten los pagos.<\/p>\n","protected":false},"excerpt":{"rendered":"<p>El Directorio del IPAUSS aprob\u00f3 la certificaci\u00f3n de deuda que hiciera el Tribunal de Cuentas y ahora reclamar\u00e1 a los legisladores el tratamiento del presupuesto ya que es el \u00fanico organismo que se maneja con un reconducido. Vicente Sinchicay adelanto que a partir de la convalidaci\u00f3n de deuda por parte del Directorio, se iniciar\u00e1n las [&hellip;]<\/p>\n","protected":false},"author":7,"featured_media":0,"comment_status":"open","ping_status":"open","sticky":false,"template":"","format":"standard","meta":{"footnotes":""},"categories":[966],"tags":[5,464],"class_list":["post-5287","post","type-post","status-publish","format-standard","hentry","category-radio-fundacion-austral","tag-ipauss","tag-sinchicay"],"_links":{"self":[{"href":"https:\/\/archivosonoro.com.ar\/wordpress\/index.php?rest_route=\/wp\/v2\/posts\/5287","targetHints":{"allow":["GET"]}}],"collection":[{"href":"https:\/\/archivosonoro.com.ar\/wordpress\/index.php?rest_route=\/wp\/v2\/posts"}],"about":[{"href":"https:\/\/archivosonoro.com.ar\/wordpress\/index.php?rest_route=\/wp\/v2\/types\/post"}],"author":[{"embeddable":true,"href":"https:\/\/archivosonoro.com.ar\/wordpress\/index.php?rest_route=\/wp\/v2\/users\/7"}],"replies":[{"embeddable":true,"href":"https:\/\/archivosonoro.com.ar\/wordpress\/index.php?rest_route=%2Fwp%2Fv2%2Fcomments&post=5287"}],"version-history":[{"count":1,"href":"https:\/\/archivosonoro.com.ar\/wordpress\/index.php?rest_route=\/wp\/v2\/posts\/5287\/revisions"}],"predecessor-version":[{"id":5288,"href":"https:\/\/archivosonoro.com.ar\/wordpress\/index.php?rest_route=\/wp\/v2\/posts\/5287\/revisions\/5288"}],"wp:attachment":[{"href":"https:\/\/archivosonoro.com.ar\/wordpress\/index.php?rest_route=%2Fwp%2Fv2%2Fmedia&parent=5287"}],"wp:term":[{"taxonomy":"category","embeddable":true,"href":"https:\/\/archivosonoro.com.ar\/wordpress\/index.php?rest_route=%2Fwp%2Fv2%2Fcategories&post=5287"},{"taxonomy":"post_tag","embeddable":true,"href":"https:\/\/archivosonoro.com.ar\/wordpress\/index.php?rest_route=%2Fwp%2Fv2%2Ftags&post=5287"}],"curies":[{"name":"wp","href":"https:\/\/api.w.org\/{rel}","templated":true}]}}