{"id":5243,"date":"2013-04-01T12:56:40","date_gmt":"2013-04-01T15:56:40","guid":{"rendered":"http:\/\/archivosonoro.com.ar\/?p=5243"},"modified":"2013-04-01T12:57:24","modified_gmt":"2013-04-01T15:57:24","slug":"historias-de-malvinas-zaratiegui-se-subleva-por-las-traiciones-de-malvinas","status":"publish","type":"post","link":"https:\/\/archivosonoro.com.ar\/wordpress\/?p=5243","title":{"rendered":"Historias de Malvinas: Zaratiegui se subleva por las traiciones de Malvinas"},"content":{"rendered":"<p>Hay historias de Malvinas poco conocidas o nunca difundidas y esas son las que publicamos estos d\u00edas en Archivo Sonoro. Luis \u00abPety\u00bb Gomez record\u00f3 cuando se sublev\u00f3 toda la provincia por un d\u00eda y medio a nombre del Almirante Zaratiegui y las fuerzas vivas de la provincia acompa\u00f1aron al Almirante para que sea independiente de la Rep\u00fablica Argentina. Entonces, Gomez era trabajador de prensa y presenci\u00f3 el momento en que un Almirante de la Base Naval Ushuaia \u00abse subleva contra todos sus jefes por las traiciones que hab\u00eda acumulado en la guerra de Malvinas\u00bb. Resalt\u00f3 que su jefe inmediato, Luis Benito Zamora le quita la grabaci\u00f3n que registra la llegada de un H\u00e9rcules, la toma de la base y se llevan a Zaratiegui: \u00abLuis Benito Zamora le muestra el cassette al hermano de Suarez del Cerro y all\u00ed es donde empez\u00f3 la historia, no sali\u00f3 nunca esa cinta al aire\u00bb, afirm\u00f3.<\/p>\n","protected":false},"excerpt":{"rendered":"<p>Hay historias de Malvinas poco conocidas o nunca difundidas y esas son las que publicamos estos d\u00edas en Archivo Sonoro. Luis \u00abPety\u00bb Gomez record\u00f3 cuando se sublev\u00f3 toda la provincia por un d\u00eda y medio a nombre del Almirante Zaratiegui y las fuerzas vivas de la provincia acompa\u00f1aron al Almirante para que sea independiente de [&hellip;]<\/p>\n","protected":false},"author":7,"featured_media":0,"comment_status":"open","ping_status":"open","sticky":false,"template":"","format":"standard","meta":{"footnotes":""},"categories":[634],"tags":[511,127,1242,1243],"class_list":["post-5243","post","type-post","status-publish","format-standard","hentry","category-estacion-patagonia","tag-gomez","tag-malvinas","tag-zamora","tag-zaratiegui"],"_links":{"self":[{"href":"https:\/\/archivosonoro.com.ar\/wordpress\/index.php?rest_route=\/wp\/v2\/posts\/5243","targetHints":{"allow":["GET"]}}],"collection":[{"href":"https:\/\/archivosonoro.com.ar\/wordpress\/index.php?rest_route=\/wp\/v2\/posts"}],"about":[{"href":"https:\/\/archivosonoro.com.ar\/wordpress\/index.php?rest_route=\/wp\/v2\/types\/post"}],"author":[{"embeddable":true,"href":"https:\/\/archivosonoro.com.ar\/wordpress\/index.php?rest_route=\/wp\/v2\/users\/7"}],"replies":[{"embeddable":true,"href":"https:\/\/archivosonoro.com.ar\/wordpress\/index.php?rest_route=%2Fwp%2Fv2%2Fcomments&post=5243"}],"version-history":[{"count":2,"href":"https:\/\/archivosonoro.com.ar\/wordpress\/index.php?rest_route=\/wp\/v2\/posts\/5243\/revisions"}],"predecessor-version":[{"id":5245,"href":"https:\/\/archivosonoro.com.ar\/wordpress\/index.php?rest_route=\/wp\/v2\/posts\/5243\/revisions\/5245"}],"wp:attachment":[{"href":"https:\/\/archivosonoro.com.ar\/wordpress\/index.php?rest_route=%2Fwp%2Fv2%2Fmedia&parent=5243"}],"wp:term":[{"taxonomy":"category","embeddable":true,"href":"https:\/\/archivosonoro.com.ar\/wordpress\/index.php?rest_route=%2Fwp%2Fv2%2Fcategories&post=5243"},{"taxonomy":"post_tag","embeddable":true,"href":"https:\/\/archivosonoro.com.ar\/wordpress\/index.php?rest_route=%2Fwp%2Fv2%2Ftags&post=5243"}],"curies":[{"name":"wp","href":"https:\/\/api.w.org\/{rel}","templated":true}]}}