{"id":5196,"date":"2013-03-29T13:12:39","date_gmt":"2013-03-29T16:12:39","guid":{"rendered":"http:\/\/archivosonoro.com.ar\/?p=5196"},"modified":"2013-03-29T13:12:39","modified_gmt":"2013-03-29T16:12:39","slug":"chavez-h-la-carpa-no-sirve-mas","status":"publish","type":"post","link":"https:\/\/archivosonoro.com.ar\/wordpress\/?p=5196","title":{"rendered":"Chavez H: \u00abLa carpa no sirve m\u00e1s\u00bb."},"content":{"rendered":"<p>\u00abLa carpa no sirve m\u00e1s\u00bb, asegur\u00f3 Horacio Chavez y explic\u00f3 que se apuntal\u00f3 para que tenga una presencia simb\u00f3lica durante las actividades de la semana de Malvinas. Los parantes de la Carpa de la Dignidad que a\u00f1o tras a\u00f1o se levanta en R\u00edo Grande en el marco del aniversario del 2 de abril, cedieron producto de los fuertes vientos de ayer y tras el trabajo de los veteranos, defensa civil y personal municipal se apuntal\u00f3 y estar\u00e1 en pie. El Presidente del Centro de Veteranos de Guerra de Malvinas dijo que las actividades contin\u00faan sin modificaciones y lament\u00f3 que en esta oportunidad no puedan guarecerse en la carpa los abanderados de las escuelas y los vecinos como lo hac\u00edan a\u00f1o tras a\u00f1o.<br \/>\nChavez dijo en Radio Fueguina que hay que tomar las cosas con tranquilidad; resalt\u00f3 que nadie result\u00f3 herido y  finalmente, confirm\u00f3 la presencia en la vigilia del Vice Presidente de la Naci\u00f3n Amado Boudou.<\/p>\n","protected":false},"excerpt":{"rendered":"<p>\u00abLa carpa no sirve m\u00e1s\u00bb, asegur\u00f3 Horacio Chavez y explic\u00f3 que se apuntal\u00f3 para que tenga una presencia simb\u00f3lica durante las actividades de la semana de Malvinas. Los parantes de la Carpa de la Dignidad que a\u00f1o tras a\u00f1o se levanta en R\u00edo Grande en el marco del aniversario del 2 de abril, cedieron producto [&hellip;]<\/p>\n","protected":false},"author":7,"featured_media":0,"comment_status":"open","ping_status":"open","sticky":false,"template":"","format":"standard","meta":{"footnotes":""},"categories":[846],"tags":[364,1231,624,127],"class_list":["post-5196","post","type-post","status-publish","format-standard","hentry","category-radio-fueguina","tag-boudou","tag-carpa","tag-chavez","tag-malvinas"],"_links":{"self":[{"href":"https:\/\/archivosonoro.com.ar\/wordpress\/index.php?rest_route=\/wp\/v2\/posts\/5196","targetHints":{"allow":["GET"]}}],"collection":[{"href":"https:\/\/archivosonoro.com.ar\/wordpress\/index.php?rest_route=\/wp\/v2\/posts"}],"about":[{"href":"https:\/\/archivosonoro.com.ar\/wordpress\/index.php?rest_route=\/wp\/v2\/types\/post"}],"author":[{"embeddable":true,"href":"https:\/\/archivosonoro.com.ar\/wordpress\/index.php?rest_route=\/wp\/v2\/users\/7"}],"replies":[{"embeddable":true,"href":"https:\/\/archivosonoro.com.ar\/wordpress\/index.php?rest_route=%2Fwp%2Fv2%2Fcomments&post=5196"}],"version-history":[{"count":1,"href":"https:\/\/archivosonoro.com.ar\/wordpress\/index.php?rest_route=\/wp\/v2\/posts\/5196\/revisions"}],"predecessor-version":[{"id":5197,"href":"https:\/\/archivosonoro.com.ar\/wordpress\/index.php?rest_route=\/wp\/v2\/posts\/5196\/revisions\/5197"}],"wp:attachment":[{"href":"https:\/\/archivosonoro.com.ar\/wordpress\/index.php?rest_route=%2Fwp%2Fv2%2Fmedia&parent=5196"}],"wp:term":[{"taxonomy":"category","embeddable":true,"href":"https:\/\/archivosonoro.com.ar\/wordpress\/index.php?rest_route=%2Fwp%2Fv2%2Fcategories&post=5196"},{"taxonomy":"post_tag","embeddable":true,"href":"https:\/\/archivosonoro.com.ar\/wordpress\/index.php?rest_route=%2Fwp%2Fv2%2Ftags&post=5196"}],"curies":[{"name":"wp","href":"https:\/\/api.w.org\/{rel}","templated":true}]}}