{"id":5187,"date":"2013-03-28T12:34:40","date_gmt":"2013-03-28T15:34:40","guid":{"rendered":"http:\/\/archivosonoro.com.ar\/?p=5187"},"modified":"2013-03-28T12:34:40","modified_gmt":"2013-03-28T15:34:40","slug":"jubilados-se-autoconvocan-a-la-legislatura-el-proximo-miercoles","status":"publish","type":"post","link":"https:\/\/archivosonoro.com.ar\/wordpress\/?p=5187","title":{"rendered":"Jubilados se autoconvocan a la Legislatura el pr\u00f3ximo mi\u00e9rcoles."},"content":{"rendered":"<p>Los jubilados del IPAUSS convocan a la Legislatura para el pr\u00f3ximo mi\u00e9rcoles a las 10:30 cuando se re\u00fana la Comisi\u00f3n de Seguimiento. \u00abLos jubilados somos los \u00fanicos que cobramos en forma desdoblada\u00bb, asegur\u00f3 Margarita Gallardo y agreg\u00f3: \u00abes una gran injusticia\u00bb.<br \/>\nGallardo pidi\u00f3 en Estaci\u00f3n Patagonia la participaci\u00f3n y el compromiso de los pasivos y dijo que hay un gran desinter\u00e9s en la seguridad social por parte del poder ejecutivo y los legisladores.<\/p>\n","protected":false},"excerpt":{"rendered":"<p>Los jubilados del IPAUSS convocan a la Legislatura para el pr\u00f3ximo mi\u00e9rcoles a las 10:30 cuando se re\u00fana la Comisi\u00f3n de Seguimiento. \u00abLos jubilados somos los \u00fanicos que cobramos en forma desdoblada\u00bb, asegur\u00f3 Margarita Gallardo y agreg\u00f3: \u00abes una gran injusticia\u00bb. Gallardo pidi\u00f3 en Estaci\u00f3n Patagonia la participaci\u00f3n y el compromiso de los pasivos y [&hellip;]<\/p>\n","protected":false},"author":7,"featured_media":0,"comment_status":"open","ping_status":"open","sticky":false,"template":"","format":"standard","meta":{"footnotes":""},"categories":[634],"tags":[330,5],"class_list":["post-5187","post","type-post","status-publish","format-standard","hentry","category-estacion-patagonia","tag-gallardo","tag-ipauss"],"_links":{"self":[{"href":"https:\/\/archivosonoro.com.ar\/wordpress\/index.php?rest_route=\/wp\/v2\/posts\/5187","targetHints":{"allow":["GET"]}}],"collection":[{"href":"https:\/\/archivosonoro.com.ar\/wordpress\/index.php?rest_route=\/wp\/v2\/posts"}],"about":[{"href":"https:\/\/archivosonoro.com.ar\/wordpress\/index.php?rest_route=\/wp\/v2\/types\/post"}],"author":[{"embeddable":true,"href":"https:\/\/archivosonoro.com.ar\/wordpress\/index.php?rest_route=\/wp\/v2\/users\/7"}],"replies":[{"embeddable":true,"href":"https:\/\/archivosonoro.com.ar\/wordpress\/index.php?rest_route=%2Fwp%2Fv2%2Fcomments&post=5187"}],"version-history":[{"count":1,"href":"https:\/\/archivosonoro.com.ar\/wordpress\/index.php?rest_route=\/wp\/v2\/posts\/5187\/revisions"}],"predecessor-version":[{"id":5188,"href":"https:\/\/archivosonoro.com.ar\/wordpress\/index.php?rest_route=\/wp\/v2\/posts\/5187\/revisions\/5188"}],"wp:attachment":[{"href":"https:\/\/archivosonoro.com.ar\/wordpress\/index.php?rest_route=%2Fwp%2Fv2%2Fmedia&parent=5187"}],"wp:term":[{"taxonomy":"category","embeddable":true,"href":"https:\/\/archivosonoro.com.ar\/wordpress\/index.php?rest_route=%2Fwp%2Fv2%2Fcategories&post=5187"},{"taxonomy":"post_tag","embeddable":true,"href":"https:\/\/archivosonoro.com.ar\/wordpress\/index.php?rest_route=%2Fwp%2Fv2%2Ftags&post=5187"}],"curies":[{"name":"wp","href":"https:\/\/api.w.org\/{rel}","templated":true}]}}