{"id":4970,"date":"2013-03-07T10:22:52","date_gmt":"2013-03-07T13:22:52","guid":{"rendered":"http:\/\/archivosonoro.com.ar\/?p=4970"},"modified":"2013-03-07T10:22:52","modified_gmt":"2013-03-07T13:22:52","slug":"bertone-r-parecia-que-estaba-hablando-de-otra-provincia","status":"publish","type":"post","link":"https:\/\/archivosonoro.com.ar\/wordpress\/?p=4970","title":{"rendered":"Bertone R: \u00abparec\u00eda que estaba hablando de otra provincia\u00bb."},"content":{"rendered":"<p>La Diputada Rosana Bertone opin\u00f3 sobre el mensaje de la gobernadora en la apertura del per\u00edodo legislativo aclarando, que se encontraba en Buenos Aires ya que como diputada particip\u00f3 en el acto de inicio de las sesiones ordinarias del Congreso de la Naci\u00f3n. Critic\u00f3 la cantidad de polic\u00edas presentes, del discurso dijo que \u00abparec\u00eda que estaba hablando de otra provincia\u00bb y cuestion\u00f3 la referencia a obras que est\u00e1 haciendo el gobierno nacional.<br \/>\nBertone habl\u00f3 de la falta de gesti\u00f3n de este gobierno y fundamentalmente del IPV que mantienen paralizadas obras en R\u00edo Grande desde 2011 cuando hay que actualizar precios para que puedan salir. Tambi\u00e9n, respondi\u00f3 sobre la oposici\u00f3n legislativa y tras reafirmar que el bloque de la UCR y el del MPF co gobiernan con R\u00edos, dijo que espera que cambien de actitud.<\/p>\n","protected":false},"excerpt":{"rendered":"<p>La Diputada Rosana Bertone opin\u00f3 sobre el mensaje de la gobernadora en la apertura del per\u00edodo legislativo aclarando, que se encontraba en Buenos Aires ya que como diputada particip\u00f3 en el acto de inicio de las sesiones ordinarias del Congreso de la Naci\u00f3n. Critic\u00f3 la cantidad de polic\u00edas presentes, del discurso dijo que \u00abparec\u00eda que [&hellip;]<\/p>\n","protected":false},"author":7,"featured_media":0,"comment_status":"open","ping_status":"open","sticky":false,"template":"","format":"standard","meta":{"footnotes":""},"categories":[543],"tags":[251,53,481,87],"class_list":["post-4970","post","type-post","status-publish","format-standard","hentry","category-fm-universidad","tag-bertone","tag-fpv","tag-mpf","tag-ucr"],"_links":{"self":[{"href":"https:\/\/archivosonoro.com.ar\/wordpress\/index.php?rest_route=\/wp\/v2\/posts\/4970","targetHints":{"allow":["GET"]}}],"collection":[{"href":"https:\/\/archivosonoro.com.ar\/wordpress\/index.php?rest_route=\/wp\/v2\/posts"}],"about":[{"href":"https:\/\/archivosonoro.com.ar\/wordpress\/index.php?rest_route=\/wp\/v2\/types\/post"}],"author":[{"embeddable":true,"href":"https:\/\/archivosonoro.com.ar\/wordpress\/index.php?rest_route=\/wp\/v2\/users\/7"}],"replies":[{"embeddable":true,"href":"https:\/\/archivosonoro.com.ar\/wordpress\/index.php?rest_route=%2Fwp%2Fv2%2Fcomments&post=4970"}],"version-history":[{"count":1,"href":"https:\/\/archivosonoro.com.ar\/wordpress\/index.php?rest_route=\/wp\/v2\/posts\/4970\/revisions"}],"predecessor-version":[{"id":4972,"href":"https:\/\/archivosonoro.com.ar\/wordpress\/index.php?rest_route=\/wp\/v2\/posts\/4970\/revisions\/4972"}],"wp:attachment":[{"href":"https:\/\/archivosonoro.com.ar\/wordpress\/index.php?rest_route=%2Fwp%2Fv2%2Fmedia&parent=4970"}],"wp:term":[{"taxonomy":"category","embeddable":true,"href":"https:\/\/archivosonoro.com.ar\/wordpress\/index.php?rest_route=%2Fwp%2Fv2%2Fcategories&post=4970"},{"taxonomy":"post_tag","embeddable":true,"href":"https:\/\/archivosonoro.com.ar\/wordpress\/index.php?rest_route=%2Fwp%2Fv2%2Ftags&post=4970"}],"curies":[{"name":"wp","href":"https:\/\/api.w.org\/{rel}","templated":true}]}}