{"id":4949,"date":"2013-03-05T10:13:52","date_gmt":"2013-03-05T13:13:52","guid":{"rendered":"http:\/\/archivosonoro.com.ar\/?p=4949"},"modified":"2013-03-05T10:13:52","modified_gmt":"2013-03-05T13:13:52","slug":"rossi-p-ocupacion-terrenos-no-vamos-a-permitir-que-algunos-vivos-saquen-redito-de-esto","status":"publish","type":"post","link":"https:\/\/archivosonoro.com.ar\/wordpress\/?p=4949","title":{"rendered":"Rossi P: Ocupaci\u00f3n terrenos: \u00abno vamos a permitir que algunos vivos saquen r\u00e9dito de esto\u00bb."},"content":{"rendered":"<p>El Secretario de Gobierno de la Municipalidad de R\u00edo Grande habl\u00f3 de la ocupaci\u00f3n masiva de terrenos que se efectiviz\u00f3 el fin de semana. Asegur\u00f3 que la zona afectada estaba destinada a un centro de salud y un centro de contenci\u00f3n de pol\u00edticas alimentarias y que en esto hay intereses pol\u00edticos muy claros y que no fue por generaci\u00f3n espont\u00e1nea. Tambi\u00e9n, se\u00f1al\u00f3 que desde el municipio se van a hacer los relevamientos sociales correspondientes y que no permitir\u00e1n que \u00abalgunos vivos\u00bb saquen r\u00e9dito de esta situaci\u00f3n \u00abusando la necesidad de algunos\u00bb.<br \/>\nEn declaraciones a FM Universidad, Paulino Rossi afirm\u00f3 que utilizar\u00e1n todas las herramientas judiciales con que cuentan y advirti\u00f3: \u00abtienen que entender que si realmente quieren acceder a un espacio fiscal para construir su vivienda, lamentablemente este tipo de pr\u00e1cticas no permite ni siquiera que se puedan anotar en los listados oficiales\u00bb.<br \/>\nRossi tambi\u00e9n fue consultado por la reuni\u00f3n del pasado s\u00e1bado de la UCR y critic\u00f3 la mediatizaci\u00f3n de los problemas internos: \u00abme da un poco de sinsabor y no entiendo cuando se empieza a mediatizar y armar planteos sobre niveles de ortodoxia que cuando uno mira hacia atr\u00e1s y ve la vocaci\u00f3n frentista que tuvo la UCR a nivel nacional y sobre todo, Tierra del Fuego, no lo comparto y no lo entiendo\u00bb.<\/p>\n","protected":false},"excerpt":{"rendered":"<p>El Secretario de Gobierno de la Municipalidad de R\u00edo Grande habl\u00f3 de la ocupaci\u00f3n masiva de terrenos que se efectiviz\u00f3 el fin de semana. Asegur\u00f3 que la zona afectada estaba destinada a un centro de salud y un centro de contenci\u00f3n de pol\u00edticas alimentarias y que en esto hay intereses pol\u00edticos muy claros y que [&hellip;]<\/p>\n","protected":false},"author":7,"featured_media":0,"comment_status":"open","ping_status":"open","sticky":false,"template":"","format":"standard","meta":{"footnotes":""},"categories":[543],"tags":[269,87,1170],"class_list":["post-4949","post","type-post","status-publish","format-standard","hentry","category-fm-universidad","tag-rossi","tag-ucr","tag-usurpacion-la-oveja-negra"],"_links":{"self":[{"href":"https:\/\/archivosonoro.com.ar\/wordpress\/index.php?rest_route=\/wp\/v2\/posts\/4949","targetHints":{"allow":["GET"]}}],"collection":[{"href":"https:\/\/archivosonoro.com.ar\/wordpress\/index.php?rest_route=\/wp\/v2\/posts"}],"about":[{"href":"https:\/\/archivosonoro.com.ar\/wordpress\/index.php?rest_route=\/wp\/v2\/types\/post"}],"author":[{"embeddable":true,"href":"https:\/\/archivosonoro.com.ar\/wordpress\/index.php?rest_route=\/wp\/v2\/users\/7"}],"replies":[{"embeddable":true,"href":"https:\/\/archivosonoro.com.ar\/wordpress\/index.php?rest_route=%2Fwp%2Fv2%2Fcomments&post=4949"}],"version-history":[{"count":1,"href":"https:\/\/archivosonoro.com.ar\/wordpress\/index.php?rest_route=\/wp\/v2\/posts\/4949\/revisions"}],"predecessor-version":[{"id":4950,"href":"https:\/\/archivosonoro.com.ar\/wordpress\/index.php?rest_route=\/wp\/v2\/posts\/4949\/revisions\/4950"}],"wp:attachment":[{"href":"https:\/\/archivosonoro.com.ar\/wordpress\/index.php?rest_route=%2Fwp%2Fv2%2Fmedia&parent=4949"}],"wp:term":[{"taxonomy":"category","embeddable":true,"href":"https:\/\/archivosonoro.com.ar\/wordpress\/index.php?rest_route=%2Fwp%2Fv2%2Fcategories&post=4949"},{"taxonomy":"post_tag","embeddable":true,"href":"https:\/\/archivosonoro.com.ar\/wordpress\/index.php?rest_route=%2Fwp%2Fv2%2Ftags&post=4949"}],"curies":[{"name":"wp","href":"https:\/\/api.w.org\/{rel}","templated":true}]}}