{"id":4711,"date":"2013-02-05T11:43:20","date_gmt":"2013-02-05T14:43:20","guid":{"rendered":"http:\/\/archivosonoro.com.ar\/?p=4711"},"modified":"2013-02-05T11:43:20","modified_gmt":"2013-02-05T14:43:20","slug":"utghra-logro-el-adicional-tierra-del-fuego-y-se-cobra-a-partir-del-sueldo-de-enero","status":"publish","type":"post","link":"https:\/\/archivosonoro.com.ar\/wordpress\/?p=4711","title":{"rendered":"UTGHRA logr\u00f3 el \u00abadicional Tierra del Fuego\u00bb y se cobra a partir del sueldo de enero."},"content":{"rendered":"<p>Trabajadores Hoteleros y Gastron\u00f3micos lograron el adicional Tierra del Fuego que formar\u00e1 parte del recibo de sueldo. \u00abEste \u00edtem lo van a tener de por vida, es decir, que es algo que no se puede sacar del recibo de sueldo. Hoy por hoy va a estar manifestado en el mes de enero en el que se estar\u00eda cobrando el 5% y en el mes de julio el otro 5% que llegar\u00eda al 10% del \u00edtem adicional Tierra del Fuego, un adicional que nos va a dar sentarnos en paritarias a\u00f1o a a\u00f1o y poder incrementar para poder, luego de unos 4 \u00f3 5 a\u00f1os al 100% del adicional Tierra del Fuego\u00bb, explic\u00f3 Ram\u00f3n Calder\u00f3n.<br \/>\nEl dirigente de UTGHRA asegur\u00f3 en Estaci\u00f3n Patagonia que no se estancar\u00e1n en este logro que consideran el primer paso hacia un buen recibo de sueldo de todos los trabajadores. Adem\u00e1s, habl\u00f3 sobre la situaci\u00f3n de los empleados de media jornada a la que calific\u00f3 de mentirosa ya que \u00abtrabajan 9 horas y les pagan por recibo de sueldo media jornada\u00bb.<\/p>\n","protected":false},"excerpt":{"rendered":"<p>Trabajadores Hoteleros y Gastron\u00f3micos lograron el adicional Tierra del Fuego que formar\u00e1 parte del recibo de sueldo. \u00abEste \u00edtem lo van a tener de por vida, es decir, que es algo que no se puede sacar del recibo de sueldo. Hoy por hoy va a estar manifestado en el mes de enero en el que [&hellip;]<\/p>\n","protected":false},"author":7,"featured_media":0,"comment_status":"open","ping_status":"open","sticky":false,"template":"","format":"standard","meta":{"footnotes":""},"categories":[634],"tags":[211,206],"class_list":["post-4711","post","type-post","status-publish","format-standard","hentry","category-estacion-patagonia","tag-calderon","tag-uthgra"],"_links":{"self":[{"href":"https:\/\/archivosonoro.com.ar\/wordpress\/index.php?rest_route=\/wp\/v2\/posts\/4711","targetHints":{"allow":["GET"]}}],"collection":[{"href":"https:\/\/archivosonoro.com.ar\/wordpress\/index.php?rest_route=\/wp\/v2\/posts"}],"about":[{"href":"https:\/\/archivosonoro.com.ar\/wordpress\/index.php?rest_route=\/wp\/v2\/types\/post"}],"author":[{"embeddable":true,"href":"https:\/\/archivosonoro.com.ar\/wordpress\/index.php?rest_route=\/wp\/v2\/users\/7"}],"replies":[{"embeddable":true,"href":"https:\/\/archivosonoro.com.ar\/wordpress\/index.php?rest_route=%2Fwp%2Fv2%2Fcomments&post=4711"}],"version-history":[{"count":1,"href":"https:\/\/archivosonoro.com.ar\/wordpress\/index.php?rest_route=\/wp\/v2\/posts\/4711\/revisions"}],"predecessor-version":[{"id":4712,"href":"https:\/\/archivosonoro.com.ar\/wordpress\/index.php?rest_route=\/wp\/v2\/posts\/4711\/revisions\/4712"}],"wp:attachment":[{"href":"https:\/\/archivosonoro.com.ar\/wordpress\/index.php?rest_route=%2Fwp%2Fv2%2Fmedia&parent=4711"}],"wp:term":[{"taxonomy":"category","embeddable":true,"href":"https:\/\/archivosonoro.com.ar\/wordpress\/index.php?rest_route=%2Fwp%2Fv2%2Fcategories&post=4711"},{"taxonomy":"post_tag","embeddable":true,"href":"https:\/\/archivosonoro.com.ar\/wordpress\/index.php?rest_route=%2Fwp%2Fv2%2Ftags&post=4711"}],"curies":[{"name":"wp","href":"https:\/\/api.w.org\/{rel}","templated":true}]}}