{"id":4601,"date":"2013-01-23T12:17:17","date_gmt":"2013-01-23T15:17:17","guid":{"rendered":"http:\/\/archivosonoro.com.ar\/?p=4601"},"modified":"2013-01-23T12:17:17","modified_gmt":"2013-01-23T15:17:17","slug":"ipauss-niegan-asistencia-por-deuda-desesperado-pedido-de-la-familia-de-aldo-abregu","status":"publish","type":"post","link":"https:\/\/archivosonoro.com.ar\/wordpress\/?p=4601","title":{"rendered":"IPAUSS: niegan asistencia por deuda. Desesperado pedido de la familia de Aldo Abreg\u00fa."},"content":{"rendered":"<p>El Centro de Rehabilitaci\u00f3n Amenabar se niega a tratar a un afiliado al IPAUSS por la deuda que mantiene el instituto que asciende a unos 120 mil pesos. El tratamiento cuesta unos 67 mil pesos mensuales y la familia est\u00e1 imposibilitada de abonarlo. Aldo Abreg\u00fa sufri\u00f3 un ACV el 5 de agosto pasado y tras ser intervenido quir\u00fargicamente en R\u00edo Grande, fue derivado al Hospital Italiano. Luego de permanecer 30 d\u00edas en terapia intensiva, fue derivado al Centro de Rehabilitaci\u00f3n Amenabar en donde tuvo avances considerables pero nuevamente fue trasladado al Italiano por una reca\u00edda. Tras estar en condiciones de retomar la rehabilitaci\u00f3n, el Centro informa a la familia que no pueden recibirlo por la deuda que mantiene el IPAUSS.<br \/>\nLiliana Abreg\u00fa, hermana del paciente, relat\u00f3 los pormenores en FM Aire Libre y dijo que ahora la obra social \u00abnos abandona. Si \u00e9l no recibe el tratamiento neurol\u00f3gico y psicol\u00f3gico que necesita, va a continuar en un estado vegetativo\u00bb. Adem\u00e1s, dijo que en el IPAUSS de Buenos Aires niegan la deuda y que su hermano ha retrocedido en los avances que hab\u00eda logrado con el tratamiento. \u00abIPAUSS, la delegaci\u00f3n que est\u00e1 en Buenos Aires son ciegos, sordos y mudos, no se interesan en nada\u00bb, asegur\u00f3.<\/p>\n","protected":false},"excerpt":{"rendered":"<p>El Centro de Rehabilitaci\u00f3n Amenabar se niega a tratar a un afiliado al IPAUSS por la deuda que mantiene el instituto que asciende a unos 120 mil pesos. El tratamiento cuesta unos 67 mil pesos mensuales y la familia est\u00e1 imposibilitada de abonarlo. Aldo Abreg\u00fa sufri\u00f3 un ACV el 5 de agosto pasado y tras [&hellip;]<\/p>\n","protected":false},"author":7,"featured_media":0,"comment_status":"open","ping_status":"open","sticky":false,"template":"","format":"standard","meta":{"footnotes":""},"categories":[45],"tags":[1119,5],"class_list":["post-4601","post","type-post","status-publish","format-standard","hentry","category-fm-aire-libre","tag-abregu","tag-ipauss"],"_links":{"self":[{"href":"https:\/\/archivosonoro.com.ar\/wordpress\/index.php?rest_route=\/wp\/v2\/posts\/4601","targetHints":{"allow":["GET"]}}],"collection":[{"href":"https:\/\/archivosonoro.com.ar\/wordpress\/index.php?rest_route=\/wp\/v2\/posts"}],"about":[{"href":"https:\/\/archivosonoro.com.ar\/wordpress\/index.php?rest_route=\/wp\/v2\/types\/post"}],"author":[{"embeddable":true,"href":"https:\/\/archivosonoro.com.ar\/wordpress\/index.php?rest_route=\/wp\/v2\/users\/7"}],"replies":[{"embeddable":true,"href":"https:\/\/archivosonoro.com.ar\/wordpress\/index.php?rest_route=%2Fwp%2Fv2%2Fcomments&post=4601"}],"version-history":[{"count":2,"href":"https:\/\/archivosonoro.com.ar\/wordpress\/index.php?rest_route=\/wp\/v2\/posts\/4601\/revisions"}],"predecessor-version":[{"id":4607,"href":"https:\/\/archivosonoro.com.ar\/wordpress\/index.php?rest_route=\/wp\/v2\/posts\/4601\/revisions\/4607"}],"wp:attachment":[{"href":"https:\/\/archivosonoro.com.ar\/wordpress\/index.php?rest_route=%2Fwp%2Fv2%2Fmedia&parent=4601"}],"wp:term":[{"taxonomy":"category","embeddable":true,"href":"https:\/\/archivosonoro.com.ar\/wordpress\/index.php?rest_route=%2Fwp%2Fv2%2Fcategories&post=4601"},{"taxonomy":"post_tag","embeddable":true,"href":"https:\/\/archivosonoro.com.ar\/wordpress\/index.php?rest_route=%2Fwp%2Fv2%2Ftags&post=4601"}],"curies":[{"name":"wp","href":"https:\/\/api.w.org\/{rel}","templated":true}]}}