{"id":4339,"date":"2012-12-13T11:56:59","date_gmt":"2012-12-13T14:56:59","guid":{"rendered":"http:\/\/archivosonoro.com.ar\/?p=4339"},"modified":"2012-12-13T11:56:59","modified_gmt":"2012-12-13T14:56:59","slug":"martinez-o-la-uom-junto-a-los-trabajadores-esperan-en-el-interior-de-famar","status":"publish","type":"post","link":"https:\/\/archivosonoro.com.ar\/wordpress\/?p=4339","title":{"rendered":"Mart\u00ednez O: La UOM junto a los trabajadores esperan en el interior de FAMAR."},"content":{"rendered":"<p>El Secretario General de la UOM R\u00edo Grande asegur\u00f3 desde el interior de las instalaciones de FAMAR que esperan que \u00abla empresa asuma la responsabilidad de dar la cara y brinde respuesta a toda la gente que est\u00e1 con una deseperaci\u00f3n y angustia importantes\u00bb. Oscar Mart\u00ednez confirm\u00f3 que la semana anterior hubo una reuni\u00f3n en Buenos Aires con el Presidente de FAMAR, Hugo Pascarelli, en la que \u00abno transmiti\u00f3 este tipo de situaci\u00f3n ni por asomo\u00bb.<\/p>\n","protected":false},"excerpt":{"rendered":"<p>El Secretario General de la UOM R\u00edo Grande asegur\u00f3 desde el interior de las instalaciones de FAMAR que esperan que \u00abla empresa asuma la responsabilidad de dar la cara y brinde respuesta a toda la gente que est\u00e1 con una deseperaci\u00f3n y angustia importantes\u00bb. Oscar Mart\u00ednez confirm\u00f3 que la semana anterior hubo una reuni\u00f3n en [&hellip;]<\/p>\n","protected":false},"author":7,"featured_media":0,"comment_status":"open","ping_status":"open","sticky":false,"template":"","format":"standard","meta":{"footnotes":""},"categories":[542],"tags":[1072,39,1074],"class_list":["post-4339","post","type-post","status-publish","format-standard","hentry","category-fm-ritual","tag-famar","tag-martinez","tag-pascarelli"],"_links":{"self":[{"href":"https:\/\/archivosonoro.com.ar\/wordpress\/index.php?rest_route=\/wp\/v2\/posts\/4339","targetHints":{"allow":["GET"]}}],"collection":[{"href":"https:\/\/archivosonoro.com.ar\/wordpress\/index.php?rest_route=\/wp\/v2\/posts"}],"about":[{"href":"https:\/\/archivosonoro.com.ar\/wordpress\/index.php?rest_route=\/wp\/v2\/types\/post"}],"author":[{"embeddable":true,"href":"https:\/\/archivosonoro.com.ar\/wordpress\/index.php?rest_route=\/wp\/v2\/users\/7"}],"replies":[{"embeddable":true,"href":"https:\/\/archivosonoro.com.ar\/wordpress\/index.php?rest_route=%2Fwp%2Fv2%2Fcomments&post=4339"}],"version-history":[{"count":1,"href":"https:\/\/archivosonoro.com.ar\/wordpress\/index.php?rest_route=\/wp\/v2\/posts\/4339\/revisions"}],"predecessor-version":[{"id":4340,"href":"https:\/\/archivosonoro.com.ar\/wordpress\/index.php?rest_route=\/wp\/v2\/posts\/4339\/revisions\/4340"}],"wp:attachment":[{"href":"https:\/\/archivosonoro.com.ar\/wordpress\/index.php?rest_route=%2Fwp%2Fv2%2Fmedia&parent=4339"}],"wp:term":[{"taxonomy":"category","embeddable":true,"href":"https:\/\/archivosonoro.com.ar\/wordpress\/index.php?rest_route=%2Fwp%2Fv2%2Fcategories&post=4339"},{"taxonomy":"post_tag","embeddable":true,"href":"https:\/\/archivosonoro.com.ar\/wordpress\/index.php?rest_route=%2Fwp%2Fv2%2Ftags&post=4339"}],"curies":[{"name":"wp","href":"https:\/\/api.w.org\/{rel}","templated":true}]}}