{"id":4330,"date":"2012-12-13T11:13:00","date_gmt":"2012-12-13T14:13:00","guid":{"rendered":"http:\/\/archivosonoro.com.ar\/?p=4330"},"modified":"2012-12-13T11:16:08","modified_gmt":"2012-12-13T14:16:08","slug":"villamayor-h-famar-cerro-sus-puertas-son-500-los-trabajadores-afectados","status":"publish","type":"post","link":"https:\/\/archivosonoro.com.ar\/wordpress\/?p=4330","title":{"rendered":"Villamayor H: FAMAR cerr\u00f3 sus puertas. Son 500 los trabajadores afectados."},"content":{"rendered":"<p>FAMAR cerr\u00f3 sorpresivamente sus puertas y esta ma\u00f1ana cuando los operarios llegaron a trabajar se encontraron con las puertas cerradas y los vidrios cubiertos con cartones.<br \/>\nEl delegado Hugo Villamayor asegur\u00f3 que ning\u00fan directivo de la empresa se ha comunicado con los delegados y resalt\u00f3 que hasta ayer la producci\u00f3n era normal, \u00abnadie preve\u00eda que pod\u00eda suceder algo como esto\u00bb.<br \/>\nEn FM Ritual, Villamayor confirm\u00f3 que ma\u00f1ana ser\u00eda el \u00faltimo d\u00eda de trabajo porque el lunes comenzaban las vacaciones y que ayer no trabaj\u00f3 el turno noche porque lo pasaron a esta ma\u00f1ana lo que no llam\u00f3 la atenci\u00f3n por la proximidad de las vacaciones.<\/p>\n","protected":false},"excerpt":{"rendered":"<p>FAMAR cerr\u00f3 sorpresivamente sus puertas y esta ma\u00f1ana cuando los operarios llegaron a trabajar se encontraron con las puertas cerradas y los vidrios cubiertos con cartones. El delegado Hugo Villamayor asegur\u00f3 que ning\u00fan directivo de la empresa se ha comunicado con los delegados y resalt\u00f3 que hasta ayer la producci\u00f3n era normal, \u00abnadie preve\u00eda que [&hellip;]<\/p>\n","protected":false},"author":7,"featured_media":0,"comment_status":"open","ping_status":"open","sticky":false,"template":"","format":"standard","meta":{"footnotes":""},"categories":[542],"tags":[1072,1071],"class_list":["post-4330","post","type-post","status-publish","format-standard","hentry","category-fm-ritual","tag-famar","tag-villamayor"],"_links":{"self":[{"href":"https:\/\/archivosonoro.com.ar\/wordpress\/index.php?rest_route=\/wp\/v2\/posts\/4330","targetHints":{"allow":["GET"]}}],"collection":[{"href":"https:\/\/archivosonoro.com.ar\/wordpress\/index.php?rest_route=\/wp\/v2\/posts"}],"about":[{"href":"https:\/\/archivosonoro.com.ar\/wordpress\/index.php?rest_route=\/wp\/v2\/types\/post"}],"author":[{"embeddable":true,"href":"https:\/\/archivosonoro.com.ar\/wordpress\/index.php?rest_route=\/wp\/v2\/users\/7"}],"replies":[{"embeddable":true,"href":"https:\/\/archivosonoro.com.ar\/wordpress\/index.php?rest_route=%2Fwp%2Fv2%2Fcomments&post=4330"}],"version-history":[{"count":2,"href":"https:\/\/archivosonoro.com.ar\/wordpress\/index.php?rest_route=\/wp\/v2\/posts\/4330\/revisions"}],"predecessor-version":[{"id":4334,"href":"https:\/\/archivosonoro.com.ar\/wordpress\/index.php?rest_route=\/wp\/v2\/posts\/4330\/revisions\/4334"}],"wp:attachment":[{"href":"https:\/\/archivosonoro.com.ar\/wordpress\/index.php?rest_route=%2Fwp%2Fv2%2Fmedia&parent=4330"}],"wp:term":[{"taxonomy":"category","embeddable":true,"href":"https:\/\/archivosonoro.com.ar\/wordpress\/index.php?rest_route=%2Fwp%2Fv2%2Fcategories&post=4330"},{"taxonomy":"post_tag","embeddable":true,"href":"https:\/\/archivosonoro.com.ar\/wordpress\/index.php?rest_route=%2Fwp%2Fv2%2Ftags&post=4330"}],"curies":[{"name":"wp","href":"https:\/\/api.w.org\/{rel}","templated":true}]}}