{"id":4311,"date":"2012-12-11T11:24:45","date_gmt":"2012-12-11T14:24:45","guid":{"rendered":"http:\/\/archivosonoro.com.ar\/?p=4311"},"modified":"2012-12-11T11:24:45","modified_gmt":"2012-12-11T14:24:45","slug":"lietti-m-ley-gaucho-rivero-no-creamos-que-somos-el-ombligo-del-mundo","status":"publish","type":"post","link":"https:\/\/archivosonoro.com.ar\/wordpress\/?p=4311","title":{"rendered":"Lietti M: Ley Gaucho Rivero: \u00abNo creamos que somos el ombligo del mundo\u00bb."},"content":{"rendered":"<p>Desde la C\u00e1mara de Turismo de Ushuaia, Marcelo Lietti dijo que hab\u00edan anunciado una merma en la recepci\u00f3n de turistas por la aplicaci\u00f3n de la Ley Gaucho Rivero con la consecuente influencia sobre el trabajo del sector.<br \/>\nConfirm\u00f3 que 4 buques no recalar\u00edan en el Puerto de Ushuaia, implicando unas 18 mil personas menos, que gastan unos 500 d\u00f3lares cada uno en su visita a la ciudad; que las p\u00e9rdidas ser\u00e1n muy importantes y asegur\u00f3 que \u00abesto reci\u00e9n comienza\u00bb.<br \/>\n\u00abNo creamos que somos el ombligo del mundo, estas son las cosas que a veces, nos hacen tan vanidosos a los argentinos que nos estrellamos\u00bb, concluy\u00f3.<\/p>\n","protected":false},"excerpt":{"rendered":"<p>Desde la C\u00e1mara de Turismo de Ushuaia, Marcelo Lietti dijo que hab\u00edan anunciado una merma en la recepci\u00f3n de turistas por la aplicaci\u00f3n de la Ley Gaucho Rivero con la consecuente influencia sobre el trabajo del sector. Confirm\u00f3 que 4 buques no recalar\u00edan en el Puerto de Ushuaia, implicando unas 18 mil personas menos, que [&hellip;]<\/p>\n","protected":false},"author":7,"featured_media":0,"comment_status":"open","ping_status":"open","sticky":false,"template":"","format":"standard","meta":{"footnotes":""},"categories":[542],"tags":[896,55],"class_list":["post-4311","post","type-post","status-publish","format-standard","hentry","category-fm-ritual","tag-camara-de-turismo","tag-lietti"],"_links":{"self":[{"href":"https:\/\/archivosonoro.com.ar\/wordpress\/index.php?rest_route=\/wp\/v2\/posts\/4311","targetHints":{"allow":["GET"]}}],"collection":[{"href":"https:\/\/archivosonoro.com.ar\/wordpress\/index.php?rest_route=\/wp\/v2\/posts"}],"about":[{"href":"https:\/\/archivosonoro.com.ar\/wordpress\/index.php?rest_route=\/wp\/v2\/types\/post"}],"author":[{"embeddable":true,"href":"https:\/\/archivosonoro.com.ar\/wordpress\/index.php?rest_route=\/wp\/v2\/users\/7"}],"replies":[{"embeddable":true,"href":"https:\/\/archivosonoro.com.ar\/wordpress\/index.php?rest_route=%2Fwp%2Fv2%2Fcomments&post=4311"}],"version-history":[{"count":1,"href":"https:\/\/archivosonoro.com.ar\/wordpress\/index.php?rest_route=\/wp\/v2\/posts\/4311\/revisions"}],"predecessor-version":[{"id":4312,"href":"https:\/\/archivosonoro.com.ar\/wordpress\/index.php?rest_route=\/wp\/v2\/posts\/4311\/revisions\/4312"}],"wp:attachment":[{"href":"https:\/\/archivosonoro.com.ar\/wordpress\/index.php?rest_route=%2Fwp%2Fv2%2Fmedia&parent=4311"}],"wp:term":[{"taxonomy":"category","embeddable":true,"href":"https:\/\/archivosonoro.com.ar\/wordpress\/index.php?rest_route=%2Fwp%2Fv2%2Fcategories&post=4311"},{"taxonomy":"post_tag","embeddable":true,"href":"https:\/\/archivosonoro.com.ar\/wordpress\/index.php?rest_route=%2Fwp%2Fv2%2Ftags&post=4311"}],"curies":[{"name":"wp","href":"https:\/\/api.w.org\/{rel}","templated":true}]}}