{"id":4304,"date":"2012-12-11T01:23:45","date_gmt":"2012-12-11T04:23:45","guid":{"rendered":"http:\/\/archivosonoro.com.ar\/?p=4304"},"modified":"2012-12-11T01:23:45","modified_gmt":"2012-12-11T04:23:45","slug":"sciutto-r-el-peronismo-se-va-organizando","status":"publish","type":"post","link":"https:\/\/archivosonoro.com.ar\/wordpress\/?p=4304","title":{"rendered":"Sciutto R: \u00abEl peronismo se va organizando\u00bb."},"content":{"rendered":"<p>El s\u00e1bado se reuni\u00f3 en Tolhuin el Consejo provincial del PJ Fueguino y decidir\u00e1 en los pr\u00f3ximos d\u00edas la fecha de la elecci\u00f3n interna. Ruben Sciutto opin\u00f3 que hay que seguir trabajando internamente en el partido en busca de la unidad y que las elecciones internas deben hacerse el pr\u00f3ximo a\u00f1o despu\u00e9s de las legislativas. Adem\u00e1s, admiti\u00f3 que hay problemas internos de posicionamiento y afirm\u00f3 que \u00abd\u00eda a d\u00eda el peronismo se va organizando, se va uniendo, vamos teniendo posiciones en com\u00fan y eso me da un buen augurio\u00bb.<br \/>\n\u00abLos que tenemos un firme compromiso con nuestro partido tenemos que trabajar en pos de la unidad porque as\u00ed como muchos se fueron, muchos vinieron y en esta nueva etapa puedo asegurar que hay una gran cantidad de  sectores como los j\u00f3venes, las mujeres y los trabajadores que quieren y desean participaci\u00f3n y hay que darles el espacio tambi\u00e9n\u00bb, dijo el diputado.<br \/>\nSciutto resalt\u00f3 que \u00abel Frente para la Victoria no existe m\u00e1s en Tierra del Fuego. Fue una herramienta electoral del momento donde estaban dos o tres partidos que se juntaron e hicieron ese frente (&#8230;) y muchos de quienes lo integraban est\u00e1n muy distanciados entre ellos\u00bb.<br \/>\nPor \u00faltimo, opin\u00f3 sobre las declaraciones de Jorge Garramu\u00f1o respecto de la Ley 19.640: \u00ab\u00e9l ve fantasmas donde yo no los veo\u00bb, expres\u00f3 y resalt\u00f3 que habl\u00f3 con \u00e9l y trata de hacerle entender que la cosa \u00abno es tan as\u00ed como \u00e9l piensa\u00bb.<\/p>\n","protected":false},"excerpt":{"rendered":"<p>El s\u00e1bado se reuni\u00f3 en Tolhuin el Consejo provincial del PJ Fueguino y decidir\u00e1 en los pr\u00f3ximos d\u00edas la fecha de la elecci\u00f3n interna. Ruben Sciutto opin\u00f3 que hay que seguir trabajando internamente en el partido en busca de la unidad y que las elecciones internas deben hacerse el pr\u00f3ximo a\u00f1o despu\u00e9s de las legislativas. [&hellip;]<\/p>\n","protected":false},"author":7,"featured_media":0,"comment_status":"open","ping_status":"open","sticky":false,"template":"","format":"standard","meta":{"footnotes":""},"categories":[846],"tags":[52],"class_list":["post-4304","post","type-post","status-publish","format-standard","hentry","category-radio-fueguina","tag-sciutto"],"_links":{"self":[{"href":"https:\/\/archivosonoro.com.ar\/wordpress\/index.php?rest_route=\/wp\/v2\/posts\/4304","targetHints":{"allow":["GET"]}}],"collection":[{"href":"https:\/\/archivosonoro.com.ar\/wordpress\/index.php?rest_route=\/wp\/v2\/posts"}],"about":[{"href":"https:\/\/archivosonoro.com.ar\/wordpress\/index.php?rest_route=\/wp\/v2\/types\/post"}],"author":[{"embeddable":true,"href":"https:\/\/archivosonoro.com.ar\/wordpress\/index.php?rest_route=\/wp\/v2\/users\/7"}],"replies":[{"embeddable":true,"href":"https:\/\/archivosonoro.com.ar\/wordpress\/index.php?rest_route=%2Fwp%2Fv2%2Fcomments&post=4304"}],"version-history":[{"count":1,"href":"https:\/\/archivosonoro.com.ar\/wordpress\/index.php?rest_route=\/wp\/v2\/posts\/4304\/revisions"}],"predecessor-version":[{"id":4305,"href":"https:\/\/archivosonoro.com.ar\/wordpress\/index.php?rest_route=\/wp\/v2\/posts\/4304\/revisions\/4305"}],"wp:attachment":[{"href":"https:\/\/archivosonoro.com.ar\/wordpress\/index.php?rest_route=%2Fwp%2Fv2%2Fmedia&parent=4304"}],"wp:term":[{"taxonomy":"category","embeddable":true,"href":"https:\/\/archivosonoro.com.ar\/wordpress\/index.php?rest_route=%2Fwp%2Fv2%2Fcategories&post=4304"},{"taxonomy":"post_tag","embeddable":true,"href":"https:\/\/archivosonoro.com.ar\/wordpress\/index.php?rest_route=%2Fwp%2Fv2%2Ftags&post=4304"}],"curies":[{"name":"wp","href":"https:\/\/api.w.org\/{rel}","templated":true}]}}