{"id":4270,"date":"2012-12-07T02:19:56","date_gmt":"2012-12-07T05:19:56","guid":{"rendered":"http:\/\/archivosonoro.com.ar\/?p=4270"},"modified":"2012-12-07T02:19:56","modified_gmt":"2012-12-07T05:19:56","slug":"cordoba-m-el-gobierno-no-quiere-discutir-con-los-trabajadores","status":"publish","type":"post","link":"https:\/\/archivosonoro.com.ar\/wordpress\/?p=4270","title":{"rendered":"C\u00f3rdoba M: El gobierno no quiere discutir con los trabajadores."},"content":{"rendered":"<p>Marcelo C\u00f3rdoba lament\u00f3 la situaci\u00f3n vivida en la f\u00e1brica FAPESA cuando trabajadores de ATE y ATSA pretend\u00edan hablar con la gobernadora a la salida del acto por el aniversario de la empresa. \u00abLo que buscamos como trabajadores, en virtud de no encontrar una respuesta en los funcionarios, es una respuesta concreta de la gobernadora sobre la situaci\u00f3n del estado\u00bb, dijo el dirigente sindical en Radio Fueguina y reclam\u00f3 la convocatoria para dirimir la problem\u00e1tica por la que atraviesan los trabajadores. C\u00f3rdoba afirm\u00f3 que teniendo en cuenta el contexto econ\u00f3mico y financiero de la provincia, \u00abcreemos que el gobierno est\u00e1 en condiciones de hacer frente a la problem\u00e1tica que plantean los trabajadores en cuanto a mejora de estructura y salarios\u00bb, adem\u00e1s del pago del aguinaldo en una sola cuota.<\/p>\n","protected":false},"excerpt":{"rendered":"<p>Marcelo C\u00f3rdoba lament\u00f3 la situaci\u00f3n vivida en la f\u00e1brica FAPESA cuando trabajadores de ATE y ATSA pretend\u00edan hablar con la gobernadora a la salida del acto por el aniversario de la empresa. \u00abLo que buscamos como trabajadores, en virtud de no encontrar una respuesta en los funcionarios, es una respuesta concreta de la gobernadora sobre [&hellip;]<\/p>\n","protected":false},"author":7,"featured_media":0,"comment_status":"open","ping_status":"open","sticky":false,"template":"","format":"standard","meta":{"footnotes":""},"categories":[846],"tags":[10,117,13,1047],"class_list":["post-4270","post","type-post","status-publish","format-standard","hentry","category-radio-fueguina","tag-ate","tag-atsa","tag-cordoba","tag-fapesa"],"_links":{"self":[{"href":"https:\/\/archivosonoro.com.ar\/wordpress\/index.php?rest_route=\/wp\/v2\/posts\/4270","targetHints":{"allow":["GET"]}}],"collection":[{"href":"https:\/\/archivosonoro.com.ar\/wordpress\/index.php?rest_route=\/wp\/v2\/posts"}],"about":[{"href":"https:\/\/archivosonoro.com.ar\/wordpress\/index.php?rest_route=\/wp\/v2\/types\/post"}],"author":[{"embeddable":true,"href":"https:\/\/archivosonoro.com.ar\/wordpress\/index.php?rest_route=\/wp\/v2\/users\/7"}],"replies":[{"embeddable":true,"href":"https:\/\/archivosonoro.com.ar\/wordpress\/index.php?rest_route=%2Fwp%2Fv2%2Fcomments&post=4270"}],"version-history":[{"count":1,"href":"https:\/\/archivosonoro.com.ar\/wordpress\/index.php?rest_route=\/wp\/v2\/posts\/4270\/revisions"}],"predecessor-version":[{"id":4271,"href":"https:\/\/archivosonoro.com.ar\/wordpress\/index.php?rest_route=\/wp\/v2\/posts\/4270\/revisions\/4271"}],"wp:attachment":[{"href":"https:\/\/archivosonoro.com.ar\/wordpress\/index.php?rest_route=%2Fwp%2Fv2%2Fmedia&parent=4270"}],"wp:term":[{"taxonomy":"category","embeddable":true,"href":"https:\/\/archivosonoro.com.ar\/wordpress\/index.php?rest_route=%2Fwp%2Fv2%2Fcategories&post=4270"},{"taxonomy":"post_tag","embeddable":true,"href":"https:\/\/archivosonoro.com.ar\/wordpress\/index.php?rest_route=%2Fwp%2Fv2%2Ftags&post=4270"}],"curies":[{"name":"wp","href":"https:\/\/api.w.org\/{rel}","templated":true}]}}