{"id":4251,"date":"2012-12-05T02:43:39","date_gmt":"2012-12-05T05:43:39","guid":{"rendered":"http:\/\/archivosonoro.com.ar\/?p=4251"},"modified":"2012-12-05T02:43:39","modified_gmt":"2012-12-05T05:43:39","slug":"gimenez-f-ley-648-un-hecho-politico-de-un-estado-provincial-quebrado","status":"publish","type":"post","link":"https:\/\/archivosonoro.com.ar\/wordpress\/?p=4251","title":{"rendered":"Gimenez F: Ley 648: \u00abUn hecho pol\u00edtico de un estado provincial quebrado\u00bb."},"content":{"rendered":"<p>Consultado sobre la interpretaci\u00f3n que hace el gobierno de la Ley 648, el abogado Francisco Gimenez respondi\u00f3 que \u00abes un hecho absolutamente pol\u00edtico de un estado provincial quebrado que pretende sacarle de donde sea y como fuera a cualquier precio, recursos genuinos que tiene cada uno de los municipios y en esto, cada uno de los ciudadanos e instituciones nos tenemos que involucrar para defender los recursos de los municipios porque no es cierto que haya municipios ricos y estado provincial pobres, ac\u00e1 hay buenos administradores, regulares administradores y p\u00e9simos administradores de la cosa p\u00fablica\u00bb.<br \/>\nPor FM Ritual, Gimenez opin\u00f3 que la presentaci\u00f3n del Fiscal de Estado es absolutamente impresentable y que si la gobernadora intrepreta otra cosa, debi\u00f3 haber mandado un proyecto de ley para que aclaren los t\u00e9rminos los propios legisladores.<br \/>\nGimenez resalt\u00f3 que los recursos habr\u00eda que verlos en la p\u00e9sima administraci\u00f3n y dio el ejemplo de la creaci\u00f3n del Instituto de profesorados de Ense\u00f1anza Superior que cuenta con 3 empleados por alumno y lo calific\u00f3 como \u00abcovacha de militantes del ARI\u00bb que no puede entregar t\u00edtulos, a\u00f1adiendo que hay que buscar los recursos en donde hay privilegios.<\/p>\n","protected":false},"excerpt":{"rendered":"<p>Consultado sobre la interpretaci\u00f3n que hace el gobierno de la Ley 648, el abogado Francisco Gimenez respondi\u00f3 que \u00abes un hecho absolutamente pol\u00edtico de un estado provincial quebrado que pretende sacarle de donde sea y como fuera a cualquier precio, recursos genuinos que tiene cada uno de los municipios y en esto, cada uno de [&hellip;]<\/p>\n","protected":false},"author":7,"featured_media":0,"comment_status":"open","ping_status":"open","sticky":false,"template":"","format":"standard","meta":{"footnotes":""},"categories":[542],"tags":[335,830],"class_list":["post-4251","post","type-post","status-publish","format-standard","hentry","category-fm-ritual","tag-gimenez","tag-ley-648"],"_links":{"self":[{"href":"https:\/\/archivosonoro.com.ar\/wordpress\/index.php?rest_route=\/wp\/v2\/posts\/4251","targetHints":{"allow":["GET"]}}],"collection":[{"href":"https:\/\/archivosonoro.com.ar\/wordpress\/index.php?rest_route=\/wp\/v2\/posts"}],"about":[{"href":"https:\/\/archivosonoro.com.ar\/wordpress\/index.php?rest_route=\/wp\/v2\/types\/post"}],"author":[{"embeddable":true,"href":"https:\/\/archivosonoro.com.ar\/wordpress\/index.php?rest_route=\/wp\/v2\/users\/7"}],"replies":[{"embeddable":true,"href":"https:\/\/archivosonoro.com.ar\/wordpress\/index.php?rest_route=%2Fwp%2Fv2%2Fcomments&post=4251"}],"version-history":[{"count":1,"href":"https:\/\/archivosonoro.com.ar\/wordpress\/index.php?rest_route=\/wp\/v2\/posts\/4251\/revisions"}],"predecessor-version":[{"id":4252,"href":"https:\/\/archivosonoro.com.ar\/wordpress\/index.php?rest_route=\/wp\/v2\/posts\/4251\/revisions\/4252"}],"wp:attachment":[{"href":"https:\/\/archivosonoro.com.ar\/wordpress\/index.php?rest_route=%2Fwp%2Fv2%2Fmedia&parent=4251"}],"wp:term":[{"taxonomy":"category","embeddable":true,"href":"https:\/\/archivosonoro.com.ar\/wordpress\/index.php?rest_route=%2Fwp%2Fv2%2Fcategories&post=4251"},{"taxonomy":"post_tag","embeddable":true,"href":"https:\/\/archivosonoro.com.ar\/wordpress\/index.php?rest_route=%2Fwp%2Fv2%2Ftags&post=4251"}],"curies":[{"name":"wp","href":"https:\/\/api.w.org\/{rel}","templated":true}]}}