{"id":4247,"date":"2012-12-04T11:46:06","date_gmt":"2012-12-04T14:46:06","guid":{"rendered":"http:\/\/archivosonoro.com.ar\/?p=4247"},"modified":"2012-12-04T11:46:06","modified_gmt":"2012-12-04T14:46:06","slug":"dafonseca-j-declaracion-de-certeza-no-creo-que-tenga-eco-favorable","status":"publish","type":"post","link":"https:\/\/archivosonoro.com.ar\/wordpress\/?p=4247","title":{"rendered":"Dafonseca J: Declaraci\u00f3n de certeza: \u00abno creo que tenga eco favorable\u00bb."},"content":{"rendered":"<p>Javier Dafonseca opin\u00f3 que el camino judicial que eligi\u00f3 el gobierno provincial por la interpretaci\u00f3n de la Ley 648 no es el correcto y se\u00f1al\u00f3 \u00abno creo que tenga eco favorable\u00bb.<br \/>\nEl abogado interpret\u00f3 que esto se debe al ajuste que la Naci\u00f3n hace a las provincias, entonces, los gobernadores lo trasladan a los municipios y dijo que \u00abes enorme la cuota de coparticipaci\u00f3n que se queda el gobierno federal en perjuicio de los estados provinciales\u00bb. Agreg\u00f3 que nadie reclama por este tema, \u00abmenos lo  reclaman quienes representan a la provincia de Tierra del Fuego en el Congreso Nacional que son los 3 senadores\u00bb.<\/p>\n","protected":false},"excerpt":{"rendered":"<p>Javier Dafonseca opin\u00f3 que el camino judicial que eligi\u00f3 el gobierno provincial por la interpretaci\u00f3n de la Ley 648 no es el correcto y se\u00f1al\u00f3 \u00abno creo que tenga eco favorable\u00bb. El abogado interpret\u00f3 que esto se debe al ajuste que la Naci\u00f3n hace a las provincias, entonces, los gobernadores lo trasladan a los municipios [&hellip;]<\/p>\n","protected":false},"author":7,"featured_media":0,"comment_status":"open","ping_status":"open","sticky":false,"template":"","format":"standard","meta":{"footnotes":""},"categories":[542],"tags":[861,830],"class_list":["post-4247","post","type-post","status-publish","format-standard","hentry","category-fm-ritual","tag-dafonseca","tag-ley-648"],"_links":{"self":[{"href":"https:\/\/archivosonoro.com.ar\/wordpress\/index.php?rest_route=\/wp\/v2\/posts\/4247","targetHints":{"allow":["GET"]}}],"collection":[{"href":"https:\/\/archivosonoro.com.ar\/wordpress\/index.php?rest_route=\/wp\/v2\/posts"}],"about":[{"href":"https:\/\/archivosonoro.com.ar\/wordpress\/index.php?rest_route=\/wp\/v2\/types\/post"}],"author":[{"embeddable":true,"href":"https:\/\/archivosonoro.com.ar\/wordpress\/index.php?rest_route=\/wp\/v2\/users\/7"}],"replies":[{"embeddable":true,"href":"https:\/\/archivosonoro.com.ar\/wordpress\/index.php?rest_route=%2Fwp%2Fv2%2Fcomments&post=4247"}],"version-history":[{"count":1,"href":"https:\/\/archivosonoro.com.ar\/wordpress\/index.php?rest_route=\/wp\/v2\/posts\/4247\/revisions"}],"predecessor-version":[{"id":4248,"href":"https:\/\/archivosonoro.com.ar\/wordpress\/index.php?rest_route=\/wp\/v2\/posts\/4247\/revisions\/4248"}],"wp:attachment":[{"href":"https:\/\/archivosonoro.com.ar\/wordpress\/index.php?rest_route=%2Fwp%2Fv2%2Fmedia&parent=4247"}],"wp:term":[{"taxonomy":"category","embeddable":true,"href":"https:\/\/archivosonoro.com.ar\/wordpress\/index.php?rest_route=%2Fwp%2Fv2%2Fcategories&post=4247"},{"taxonomy":"post_tag","embeddable":true,"href":"https:\/\/archivosonoro.com.ar\/wordpress\/index.php?rest_route=%2Fwp%2Fv2%2Ftags&post=4247"}],"curies":[{"name":"wp","href":"https:\/\/api.w.org\/{rel}","templated":true}]}}