{"id":4245,"date":"2012-12-04T11:37:07","date_gmt":"2012-12-04T14:37:07","guid":{"rendered":"http:\/\/archivosonoro.com.ar\/?p=4245"},"modified":"2012-12-04T11:37:07","modified_gmt":"2012-12-04T14:37:07","slug":"vernaz-d-servicio-penitenciario-esto-se-arregla-con-gestion","status":"publish","type":"post","link":"https:\/\/archivosonoro.com.ar\/wordpress\/?p=4245","title":{"rendered":"Vernaz D: Servicio Penitenciario: \u00abEsto se arregla con gesti\u00f3n\u00bb."},"content":{"rendered":"<p>El flamante Director del Servicio Penitenciario, Diego Vernaz, resumi\u00f3 la situaci\u00f3n con la que se encontr\u00f3 tras su asunci\u00f3n. \u00abEsto se arregla con gesti\u00f3n, no hay ning\u00fan secreto\u00bb, dijo en FM Ritual. Resalt\u00f3 que la conducci\u00f3n debe tener un objetivo central poniendo en relieve la funci\u00f3n de los trabajadores del Servicio Penitenciario y admitiendo que deben tener buenas condiciones laborales para lo que se debe contar con recursos.<br \/>\nVernaz asegur\u00f3 que el control mediante c\u00e1maras estar\u00e1 en funcionamiento para el fin de semana; respondi\u00f3 que hay espacio f\u00edsico en la misma unidad para una futura ampliaci\u00f3n que deber\u00e1 preverse para que no colapse y confirm\u00f3 que se est\u00e1 trabajando para realizar un curso de ingreso porque \u00abla falta de recursos humanos es notoria\u00bb.<\/p>\n","protected":false},"excerpt":{"rendered":"<p>El flamante Director del Servicio Penitenciario, Diego Vernaz, resumi\u00f3 la situaci\u00f3n con la que se encontr\u00f3 tras su asunci\u00f3n. \u00abEsto se arregla con gesti\u00f3n, no hay ning\u00fan secreto\u00bb, dijo en FM Ritual. Resalt\u00f3 que la conducci\u00f3n debe tener un objetivo central poniendo en relieve la funci\u00f3n de los trabajadores del Servicio Penitenciario y admitiendo que [&hellip;]<\/p>\n","protected":false},"author":7,"featured_media":0,"comment_status":"open","ping_status":"open","sticky":false,"template":"","format":"standard","meta":{"footnotes":""},"categories":[542],"tags":[1045],"class_list":["post-4245","post","type-post","status-publish","format-standard","hentry","category-fm-ritual","tag-vernaz"],"_links":{"self":[{"href":"https:\/\/archivosonoro.com.ar\/wordpress\/index.php?rest_route=\/wp\/v2\/posts\/4245","targetHints":{"allow":["GET"]}}],"collection":[{"href":"https:\/\/archivosonoro.com.ar\/wordpress\/index.php?rest_route=\/wp\/v2\/posts"}],"about":[{"href":"https:\/\/archivosonoro.com.ar\/wordpress\/index.php?rest_route=\/wp\/v2\/types\/post"}],"author":[{"embeddable":true,"href":"https:\/\/archivosonoro.com.ar\/wordpress\/index.php?rest_route=\/wp\/v2\/users\/7"}],"replies":[{"embeddable":true,"href":"https:\/\/archivosonoro.com.ar\/wordpress\/index.php?rest_route=%2Fwp%2Fv2%2Fcomments&post=4245"}],"version-history":[{"count":1,"href":"https:\/\/archivosonoro.com.ar\/wordpress\/index.php?rest_route=\/wp\/v2\/posts\/4245\/revisions"}],"predecessor-version":[{"id":4246,"href":"https:\/\/archivosonoro.com.ar\/wordpress\/index.php?rest_route=\/wp\/v2\/posts\/4245\/revisions\/4246"}],"wp:attachment":[{"href":"https:\/\/archivosonoro.com.ar\/wordpress\/index.php?rest_route=%2Fwp%2Fv2%2Fmedia&parent=4245"}],"wp:term":[{"taxonomy":"category","embeddable":true,"href":"https:\/\/archivosonoro.com.ar\/wordpress\/index.php?rest_route=%2Fwp%2Fv2%2Fcategories&post=4245"},{"taxonomy":"post_tag","embeddable":true,"href":"https:\/\/archivosonoro.com.ar\/wordpress\/index.php?rest_route=%2Fwp%2Fv2%2Ftags&post=4245"}],"curies":[{"name":"wp","href":"https:\/\/api.w.org\/{rel}","templated":true}]}}