{"id":4227,"date":"2012-12-03T11:06:50","date_gmt":"2012-12-03T14:06:50","guid":{"rendered":"http:\/\/archivosonoro.com.ar\/?p=4227"},"modified":"2012-12-03T11:06:50","modified_gmt":"2012-12-03T14:06:50","slug":"castro-d-sutef-fin-de-ano-sin-mejora-salarial","status":"publish","type":"post","link":"https:\/\/archivosonoro.com.ar\/wordpress\/?p=4227","title":{"rendered":"Castro D: SUTEF: Fin de a\u00f1o sin mejora salarial."},"content":{"rendered":"<p>Diego Castro confirm\u00f3 que no hubo ninguna propuesta salarial del gobierno durante la ultima reuni\u00f3n paritaria y que se termina el a\u00f1o de la forma en que se ven\u00eda alertando desde el sindicato.<br \/>\nEn declaraciones a FM Ritual, el Secretario General de la seccional R\u00edo Grande del SUTEF resalt\u00f3 que falta voluntad pol\u00edtica del gobierno para que haya una recomposici\u00f3n antes de fin de a\u00f1o, entendiendo que la falta de respuestas a los reclamos laborales y salariales podr\u00eda generar una nueva migraci\u00f3n de docentes hacia el sector fabril.<br \/>\nCastro reclam\u00f3 al gobierno que no solo no hace nada para mejorar los salarios pero que tampoco se involucra para que los precios de los supermercados no se disparen lo que permite que los formadores de precios sigan haciendo lo que quieren.<\/p>\n","protected":false},"excerpt":{"rendered":"<p>Diego Castro confirm\u00f3 que no hubo ninguna propuesta salarial del gobierno durante la ultima reuni\u00f3n paritaria y que se termina el a\u00f1o de la forma en que se ven\u00eda alertando desde el sindicato. En declaraciones a FM Ritual, el Secretario General de la seccional R\u00edo Grande del SUTEF resalt\u00f3 que falta voluntad pol\u00edtica del gobierno [&hellip;]<\/p>\n","protected":false},"author":7,"featured_media":0,"comment_status":"open","ping_status":"open","sticky":false,"template":"","format":"standard","meta":{"footnotes":""},"categories":[542],"tags":[428,31],"class_list":["post-4227","post","type-post","status-publish","format-standard","hentry","category-fm-ritual","tag-castro","tag-sutef"],"_links":{"self":[{"href":"https:\/\/archivosonoro.com.ar\/wordpress\/index.php?rest_route=\/wp\/v2\/posts\/4227","targetHints":{"allow":["GET"]}}],"collection":[{"href":"https:\/\/archivosonoro.com.ar\/wordpress\/index.php?rest_route=\/wp\/v2\/posts"}],"about":[{"href":"https:\/\/archivosonoro.com.ar\/wordpress\/index.php?rest_route=\/wp\/v2\/types\/post"}],"author":[{"embeddable":true,"href":"https:\/\/archivosonoro.com.ar\/wordpress\/index.php?rest_route=\/wp\/v2\/users\/7"}],"replies":[{"embeddable":true,"href":"https:\/\/archivosonoro.com.ar\/wordpress\/index.php?rest_route=%2Fwp%2Fv2%2Fcomments&post=4227"}],"version-history":[{"count":1,"href":"https:\/\/archivosonoro.com.ar\/wordpress\/index.php?rest_route=\/wp\/v2\/posts\/4227\/revisions"}],"predecessor-version":[{"id":4228,"href":"https:\/\/archivosonoro.com.ar\/wordpress\/index.php?rest_route=\/wp\/v2\/posts\/4227\/revisions\/4228"}],"wp:attachment":[{"href":"https:\/\/archivosonoro.com.ar\/wordpress\/index.php?rest_route=%2Fwp%2Fv2%2Fmedia&parent=4227"}],"wp:term":[{"taxonomy":"category","embeddable":true,"href":"https:\/\/archivosonoro.com.ar\/wordpress\/index.php?rest_route=%2Fwp%2Fv2%2Fcategories&post=4227"},{"taxonomy":"post_tag","embeddable":true,"href":"https:\/\/archivosonoro.com.ar\/wordpress\/index.php?rest_route=%2Fwp%2Fv2%2Ftags&post=4227"}],"curies":[{"name":"wp","href":"https:\/\/api.w.org\/{rel}","templated":true}]}}