{"id":4152,"date":"2012-11-27T12:23:15","date_gmt":"2012-11-27T15:23:15","guid":{"rendered":"http:\/\/archivosonoro.com.ar\/?p=4152"},"modified":"2012-11-27T12:23:15","modified_gmt":"2012-11-27T15:23:15","slug":"sciurano-f-la-discusion-de-la-ley-648-es-una-cuestion-de-plata","status":"publish","type":"post","link":"https:\/\/archivosonoro.com.ar\/wordpress\/?p=4152","title":{"rendered":"Sciurano F: \u00abLa discusi\u00f3n de la Ley 648 es una cuesti\u00f3n de plata\u00bb."},"content":{"rendered":"<p>Federico Sciurano dijo que \u00abes un disparate y fue con absoluta mala fe\u00bb que hayan vinculado la reuni\u00f3n mantenida con el Sindicato de Camioneros a una solicitud de apoyo para una futura candidatura. \u00abTen\u00eda un agradecimiento pendiente con el sindicato porque nos dieron una enorme mano en lo que fue la cruzada solidaria en el mes de octubre\u00bb, asegur\u00f3 en FM Ritual a\u00f1adiendo que en el encuentro surgieron otros temas como el de la Ley 648 y la licitaci\u00f3n del servicio de recolecci\u00f3n de residuos en la capital provincial.<br \/>\nEl Intendente de Ushuaia fue consultado por las conversaciones en torno a la discusi\u00f3n por la Ley 648, reconoci\u00f3 que hubo un traspi\u00e9 luego de la firma del Acuerdo R\u00edo Grande y asegur\u00f3 que se est\u00e1 trabajando para canalizarlo y tratar de llegar a un punto razonable en esta cuesti\u00f3n.<br \/>\n\u00abLa discusi\u00f3n de la 648 no es una discusi\u00f3n filos\u00f3fica, es una cuesti\u00f3n de plata, una cuesti\u00f3n econ\u00f3mica. Solamente lo que a nosotros nos preocupa es el impacto econ\u00f3mico que tiene en las administraciones, en este caso, en la ciudad de Ushuaia\u00bb, dijo Sciurano y se\u00f1al\u00f3 que \u00absi se garantizase que la realidad econ\u00f3mica de la ciudad de Ushuaia no se va a modificar, nosotros no tenemos inconvenientes en darle la discusi\u00f3n que corresponda a la redacci\u00f3n de la Ley\u00bb.<\/p>\n","protected":false},"excerpt":{"rendered":"<p>Federico Sciurano dijo que \u00abes un disparate y fue con absoluta mala fe\u00bb que hayan vinculado la reuni\u00f3n mantenida con el Sindicato de Camioneros a una solicitud de apoyo para una futura candidatura. \u00abTen\u00eda un agradecimiento pendiente con el sindicato porque nos dieron una enorme mano en lo que fue la cruzada solidaria en el [&hellip;]<\/p>\n","protected":false},"author":7,"featured_media":0,"comment_status":"open","ping_status":"open","sticky":false,"template":"","format":"standard","meta":{"footnotes":""},"categories":[542],"tags":[830,151],"class_list":["post-4152","post","type-post","status-publish","format-standard","hentry","category-fm-ritual","tag-ley-648","tag-sciurano"],"_links":{"self":[{"href":"https:\/\/archivosonoro.com.ar\/wordpress\/index.php?rest_route=\/wp\/v2\/posts\/4152","targetHints":{"allow":["GET"]}}],"collection":[{"href":"https:\/\/archivosonoro.com.ar\/wordpress\/index.php?rest_route=\/wp\/v2\/posts"}],"about":[{"href":"https:\/\/archivosonoro.com.ar\/wordpress\/index.php?rest_route=\/wp\/v2\/types\/post"}],"author":[{"embeddable":true,"href":"https:\/\/archivosonoro.com.ar\/wordpress\/index.php?rest_route=\/wp\/v2\/users\/7"}],"replies":[{"embeddable":true,"href":"https:\/\/archivosonoro.com.ar\/wordpress\/index.php?rest_route=%2Fwp%2Fv2%2Fcomments&post=4152"}],"version-history":[{"count":1,"href":"https:\/\/archivosonoro.com.ar\/wordpress\/index.php?rest_route=\/wp\/v2\/posts\/4152\/revisions"}],"predecessor-version":[{"id":4154,"href":"https:\/\/archivosonoro.com.ar\/wordpress\/index.php?rest_route=\/wp\/v2\/posts\/4152\/revisions\/4154"}],"wp:attachment":[{"href":"https:\/\/archivosonoro.com.ar\/wordpress\/index.php?rest_route=%2Fwp%2Fv2%2Fmedia&parent=4152"}],"wp:term":[{"taxonomy":"category","embeddable":true,"href":"https:\/\/archivosonoro.com.ar\/wordpress\/index.php?rest_route=%2Fwp%2Fv2%2Fcategories&post=4152"},{"taxonomy":"post_tag","embeddable":true,"href":"https:\/\/archivosonoro.com.ar\/wordpress\/index.php?rest_route=%2Fwp%2Fv2%2Ftags&post=4152"}],"curies":[{"name":"wp","href":"https:\/\/api.w.org\/{rel}","templated":true}]}}