{"id":4148,"date":"2012-11-27T11:03:16","date_gmt":"2012-11-27T14:03:16","guid":{"rendered":"http:\/\/archivosonoro.com.ar\/?p=4148"},"modified":"2012-11-27T11:03:16","modified_gmt":"2012-11-27T14:03:16","slug":"moyano-m-conflicto-en-salud-no-hay-horizonte","status":"publish","type":"post","link":"https:\/\/archivosonoro.com.ar\/wordpress\/?p=4148","title":{"rendered":"Moyano M: conflicto en salud: \u00abno hay horizonte\u00bb."},"content":{"rendered":"<p>Desde el sindicato Unificado de Enfermeros Fueguinos, M\u00f3nica Moyano confirm\u00f3 que no ha cambiado nada de la situaci\u00f3n de los trabajadores y asegur\u00f3 que a pesar de las nuevas simulaciones \u00abno hay horizonte\u00bb.<br \/>\nEntrevistada en FM Ritual, Moyano se\u00f1al\u00f3 que es necesario encontrar una v\u00eda de soluci\u00f3n porque \u00abla gente se est\u00e1 cansando\u00bb; confirm\u00f3 que contin\u00faan con las asambleas y adelant\u00f3 que el jueves habr\u00e1 una nueva movilizaci\u00f3n.<\/p>\n","protected":false},"excerpt":{"rendered":"<p>Desde el sindicato Unificado de Enfermeros Fueguinos, M\u00f3nica Moyano confirm\u00f3 que no ha cambiado nada de la situaci\u00f3n de los trabajadores y asegur\u00f3 que a pesar de las nuevas simulaciones \u00abno hay horizonte\u00bb. Entrevistada en FM Ritual, Moyano se\u00f1al\u00f3 que es necesario encontrar una v\u00eda de soluci\u00f3n porque \u00abla gente se est\u00e1 cansando\u00bb; confirm\u00f3 que [&hellip;]<\/p>\n","protected":false},"author":7,"featured_media":0,"comment_status":"open","ping_status":"open","sticky":false,"template":"","format":"standard","meta":{"footnotes":""},"categories":[542],"tags":[186],"class_list":["post-4148","post","type-post","status-publish","format-standard","hentry","category-fm-ritual","tag-moyano"],"_links":{"self":[{"href":"https:\/\/archivosonoro.com.ar\/wordpress\/index.php?rest_route=\/wp\/v2\/posts\/4148","targetHints":{"allow":["GET"]}}],"collection":[{"href":"https:\/\/archivosonoro.com.ar\/wordpress\/index.php?rest_route=\/wp\/v2\/posts"}],"about":[{"href":"https:\/\/archivosonoro.com.ar\/wordpress\/index.php?rest_route=\/wp\/v2\/types\/post"}],"author":[{"embeddable":true,"href":"https:\/\/archivosonoro.com.ar\/wordpress\/index.php?rest_route=\/wp\/v2\/users\/7"}],"replies":[{"embeddable":true,"href":"https:\/\/archivosonoro.com.ar\/wordpress\/index.php?rest_route=%2Fwp%2Fv2%2Fcomments&post=4148"}],"version-history":[{"count":1,"href":"https:\/\/archivosonoro.com.ar\/wordpress\/index.php?rest_route=\/wp\/v2\/posts\/4148\/revisions"}],"predecessor-version":[{"id":4149,"href":"https:\/\/archivosonoro.com.ar\/wordpress\/index.php?rest_route=\/wp\/v2\/posts\/4148\/revisions\/4149"}],"wp:attachment":[{"href":"https:\/\/archivosonoro.com.ar\/wordpress\/index.php?rest_route=%2Fwp%2Fv2%2Fmedia&parent=4148"}],"wp:term":[{"taxonomy":"category","embeddable":true,"href":"https:\/\/archivosonoro.com.ar\/wordpress\/index.php?rest_route=%2Fwp%2Fv2%2Fcategories&post=4148"},{"taxonomy":"post_tag","embeddable":true,"href":"https:\/\/archivosonoro.com.ar\/wordpress\/index.php?rest_route=%2Fwp%2Fv2%2Ftags&post=4148"}],"curies":[{"name":"wp","href":"https:\/\/api.w.org\/{rel}","templated":true}]}}