{"id":4146,"date":"2012-11-27T10:56:19","date_gmt":"2012-11-27T13:56:19","guid":{"rendered":"http:\/\/archivosonoro.com.ar\/?p=4146"},"modified":"2012-11-27T10:56:19","modified_gmt":"2012-11-27T13:56:19","slug":"vergara-r-confirmo-dos-despidos-en-las-petroleras","status":"publish","type":"post","link":"https:\/\/archivosonoro.com.ar\/wordpress\/?p=4146","title":{"rendered":"Vergara R: Confirm\u00f3 dos despidos en las petroleras."},"content":{"rendered":"<p>Ren\u00e9 Vergara confirm\u00f3 el despido de dos trabajadores de las petroleras pero aclar\u00f3 que es por una cuesti\u00f3n de legajo: \u00abcuando el legajo es m\u00e1s gordo que la Biblia no podemos hacer nada\u00bb, se\u00f1al\u00f3.<br \/>\nEl Secretario de Prensa del Sindicato de Petroleros Privados respondi\u00f3 sobre la reuni\u00f3n mantenida con el vice gobernador y la mayor\u00eda de los legisladores durante la \u00faltima sesi\u00f3n del cuerpo en la que se reclam\u00f3 el tratamiento de los contratos petroleros antes de fin de a\u00f1o porque \u00abes muy importante para los compa\u00f1eros desocupados (&#8230;) como extendieron las sesiones, vamos a tratar que en una de esas sesiones se trate el tema nuestro\u00bb, dijo en FM Ritual.<\/p>\n","protected":false},"excerpt":{"rendered":"<p>Ren\u00e9 Vergara confirm\u00f3 el despido de dos trabajadores de las petroleras pero aclar\u00f3 que es por una cuesti\u00f3n de legajo: \u00abcuando el legajo es m\u00e1s gordo que la Biblia no podemos hacer nada\u00bb, se\u00f1al\u00f3. El Secretario de Prensa del Sindicato de Petroleros Privados respondi\u00f3 sobre la reuni\u00f3n mantenida con el vice gobernador y la mayor\u00eda [&hellip;]<\/p>\n","protected":false},"author":7,"featured_media":0,"comment_status":"open","ping_status":"open","sticky":false,"template":"","format":"standard","meta":{"footnotes":""},"categories":[542],"tags":[177],"class_list":["post-4146","post","type-post","status-publish","format-standard","hentry","category-fm-ritual","tag-vergara"],"_links":{"self":[{"href":"https:\/\/archivosonoro.com.ar\/wordpress\/index.php?rest_route=\/wp\/v2\/posts\/4146","targetHints":{"allow":["GET"]}}],"collection":[{"href":"https:\/\/archivosonoro.com.ar\/wordpress\/index.php?rest_route=\/wp\/v2\/posts"}],"about":[{"href":"https:\/\/archivosonoro.com.ar\/wordpress\/index.php?rest_route=\/wp\/v2\/types\/post"}],"author":[{"embeddable":true,"href":"https:\/\/archivosonoro.com.ar\/wordpress\/index.php?rest_route=\/wp\/v2\/users\/7"}],"replies":[{"embeddable":true,"href":"https:\/\/archivosonoro.com.ar\/wordpress\/index.php?rest_route=%2Fwp%2Fv2%2Fcomments&post=4146"}],"version-history":[{"count":1,"href":"https:\/\/archivosonoro.com.ar\/wordpress\/index.php?rest_route=\/wp\/v2\/posts\/4146\/revisions"}],"predecessor-version":[{"id":4147,"href":"https:\/\/archivosonoro.com.ar\/wordpress\/index.php?rest_route=\/wp\/v2\/posts\/4146\/revisions\/4147"}],"wp:attachment":[{"href":"https:\/\/archivosonoro.com.ar\/wordpress\/index.php?rest_route=%2Fwp%2Fv2%2Fmedia&parent=4146"}],"wp:term":[{"taxonomy":"category","embeddable":true,"href":"https:\/\/archivosonoro.com.ar\/wordpress\/index.php?rest_route=%2Fwp%2Fv2%2Fcategories&post=4146"},{"taxonomy":"post_tag","embeddable":true,"href":"https:\/\/archivosonoro.com.ar\/wordpress\/index.php?rest_route=%2Fwp%2Fv2%2Ftags&post=4146"}],"curies":[{"name":"wp","href":"https:\/\/api.w.org\/{rel}","templated":true}]}}