{"id":4074,"date":"2012-11-19T12:39:50","date_gmt":"2012-11-19T15:39:50","guid":{"rendered":"http:\/\/archivosonoro.com.ar\/?p=4074"},"modified":"2012-11-19T12:39:50","modified_gmt":"2012-11-19T15:39:50","slug":"lechman-j-ipauss-hay-que-ponerse-los-pantalones-largos","status":"publish","type":"post","link":"https:\/\/archivosonoro.com.ar\/wordpress\/?p=4074","title":{"rendered":"Lechman J: IPAUSS: \u00abhay que ponerse los pantalones largos\u00bb."},"content":{"rendered":"<p>Tras  expresar benepl\u00e1cito por la reuni\u00f3n de la Comisi\u00f3n Bicameral del Congreso de la Naci\u00f3n que trat\u00f3 la reforma del C\u00f3digo Civil y Comercial, Jorge Lechman respondi\u00f3 sobre el proyecto de su autor\u00eda relacionado con el IPAUSS que propone un aumento de los aportes y contribuciones previsionales. \u00abEl IPAUSS necesita much\u00edsimas modificaciones pero tienen que ponerse de acuerdo los actores\u00bb, dijo en FM Ritual y reclam\u00f3 consenso entre las partes involucradas, fundamentalmente, los trabajadores.<br \/>\n\u00abHay que ponerse los pantalones largos desde el sector gremial, el gobierno y cuando entre en la legislatura, los legisladores tambi\u00e9n\u00bb, se\u00f1al\u00f3 a la vez que reclam\u00f3 reformas profundas y no coyunturales.<\/p>\n","protected":false},"excerpt":{"rendered":"<p>Tras expresar benepl\u00e1cito por la reuni\u00f3n de la Comisi\u00f3n Bicameral del Congreso de la Naci\u00f3n que trat\u00f3 la reforma del C\u00f3digo Civil y Comercial, Jorge Lechman respondi\u00f3 sobre el proyecto de su autor\u00eda relacionado con el IPAUSS que propone un aumento de los aportes y contribuciones previsionales. \u00abEl IPAUSS necesita much\u00edsimas modificaciones pero tienen que [&hellip;]<\/p>\n","protected":false},"author":7,"featured_media":0,"comment_status":"open","ping_status":"open","sticky":false,"template":"","format":"standard","meta":{"footnotes":""},"categories":[542],"tags":[],"class_list":["post-4074","post","type-post","status-publish","format-standard","hentry","category-fm-ritual"],"_links":{"self":[{"href":"https:\/\/archivosonoro.com.ar\/wordpress\/index.php?rest_route=\/wp\/v2\/posts\/4074","targetHints":{"allow":["GET"]}}],"collection":[{"href":"https:\/\/archivosonoro.com.ar\/wordpress\/index.php?rest_route=\/wp\/v2\/posts"}],"about":[{"href":"https:\/\/archivosonoro.com.ar\/wordpress\/index.php?rest_route=\/wp\/v2\/types\/post"}],"author":[{"embeddable":true,"href":"https:\/\/archivosonoro.com.ar\/wordpress\/index.php?rest_route=\/wp\/v2\/users\/7"}],"replies":[{"embeddable":true,"href":"https:\/\/archivosonoro.com.ar\/wordpress\/index.php?rest_route=%2Fwp%2Fv2%2Fcomments&post=4074"}],"version-history":[{"count":1,"href":"https:\/\/archivosonoro.com.ar\/wordpress\/index.php?rest_route=\/wp\/v2\/posts\/4074\/revisions"}],"predecessor-version":[{"id":4075,"href":"https:\/\/archivosonoro.com.ar\/wordpress\/index.php?rest_route=\/wp\/v2\/posts\/4074\/revisions\/4075"}],"wp:attachment":[{"href":"https:\/\/archivosonoro.com.ar\/wordpress\/index.php?rest_route=%2Fwp%2Fv2%2Fmedia&parent=4074"}],"wp:term":[{"taxonomy":"category","embeddable":true,"href":"https:\/\/archivosonoro.com.ar\/wordpress\/index.php?rest_route=%2Fwp%2Fv2%2Fcategories&post=4074"},{"taxonomy":"post_tag","embeddable":true,"href":"https:\/\/archivosonoro.com.ar\/wordpress\/index.php?rest_route=%2Fwp%2Fv2%2Ftags&post=4074"}],"curies":[{"name":"wp","href":"https:\/\/api.w.org\/{rel}","templated":true}]}}