{"id":4049,"date":"2012-11-15T12:42:18","date_gmt":"2012-11-15T15:42:18","guid":{"rendered":"http:\/\/archivosonoro.com.ar\/?p=4049"},"modified":"2012-11-15T12:42:18","modified_gmt":"2012-11-15T15:42:18","slug":"cordoba-m-ipauss-en-20-anos-nos-encontramos-sin-salud-y-sin-caja-de-prevision","status":"publish","type":"post","link":"https:\/\/archivosonoro.com.ar\/wordpress\/?p=4049","title":{"rendered":"C\u00f3rdoba M: IPAUSS: \u00aben 20 a\u00f1os nos encontramos sin salud y sin caja de previsi\u00f3n\u00bb."},"content":{"rendered":"<p>El Secretario General de la Seccional R\u00edo Grande de ATE se manifest\u00f3 a favor de una reforma integral del sistema jubilatorio. Record\u00f3 que han propuesto el debate presentando un proyecto y asegur\u00f3: \u00ablos trabajadores no hemos legislado, no hemos ejecutado ni hemos hecho fallos y en 20 a\u00f1os nos encontramos sin salud y sin caja de previsi\u00f3n social. Como m\u00ednimo nos deben preguntar a los trabajadores porque el que ha fundido el sistema ha sido el poder pol\u00edtico\u00bb.<br \/>\nMarcelo C\u00f3rdoba responsabiliz\u00f3 por la situaci\u00f3n a gran parte del poder pol\u00edtico que pareciera \u00abtiene miedo de opinar sobre estas cosas\u00bb.<\/p>\n","protected":false},"excerpt":{"rendered":"<p>El Secretario General de la Seccional R\u00edo Grande de ATE se manifest\u00f3 a favor de una reforma integral del sistema jubilatorio. Record\u00f3 que han propuesto el debate presentando un proyecto y asegur\u00f3: \u00ablos trabajadores no hemos legislado, no hemos ejecutado ni hemos hecho fallos y en 20 a\u00f1os nos encontramos sin salud y sin caja [&hellip;]<\/p>\n","protected":false},"author":7,"featured_media":0,"comment_status":"open","ping_status":"open","sticky":false,"template":"","format":"standard","meta":{"footnotes":""},"categories":[542],"tags":[13],"class_list":["post-4049","post","type-post","status-publish","format-standard","hentry","category-fm-ritual","tag-cordoba"],"_links":{"self":[{"href":"https:\/\/archivosonoro.com.ar\/wordpress\/index.php?rest_route=\/wp\/v2\/posts\/4049","targetHints":{"allow":["GET"]}}],"collection":[{"href":"https:\/\/archivosonoro.com.ar\/wordpress\/index.php?rest_route=\/wp\/v2\/posts"}],"about":[{"href":"https:\/\/archivosonoro.com.ar\/wordpress\/index.php?rest_route=\/wp\/v2\/types\/post"}],"author":[{"embeddable":true,"href":"https:\/\/archivosonoro.com.ar\/wordpress\/index.php?rest_route=\/wp\/v2\/users\/7"}],"replies":[{"embeddable":true,"href":"https:\/\/archivosonoro.com.ar\/wordpress\/index.php?rest_route=%2Fwp%2Fv2%2Fcomments&post=4049"}],"version-history":[{"count":1,"href":"https:\/\/archivosonoro.com.ar\/wordpress\/index.php?rest_route=\/wp\/v2\/posts\/4049\/revisions"}],"predecessor-version":[{"id":4050,"href":"https:\/\/archivosonoro.com.ar\/wordpress\/index.php?rest_route=\/wp\/v2\/posts\/4049\/revisions\/4050"}],"wp:attachment":[{"href":"https:\/\/archivosonoro.com.ar\/wordpress\/index.php?rest_route=%2Fwp%2Fv2%2Fmedia&parent=4049"}],"wp:term":[{"taxonomy":"category","embeddable":true,"href":"https:\/\/archivosonoro.com.ar\/wordpress\/index.php?rest_route=%2Fwp%2Fv2%2Fcategories&post=4049"},{"taxonomy":"post_tag","embeddable":true,"href":"https:\/\/archivosonoro.com.ar\/wordpress\/index.php?rest_route=%2Fwp%2Fv2%2Ftags&post=4049"}],"curies":[{"name":"wp","href":"https:\/\/api.w.org\/{rel}","templated":true}]}}