{"id":4033,"date":"2012-11-14T12:39:02","date_gmt":"2012-11-14T15:39:02","guid":{"rendered":"http:\/\/archivosonoro.com.ar\/?p=4033"},"modified":"2012-11-14T12:39:02","modified_gmt":"2012-11-14T15:39:02","slug":"carmassi-j-el-presupuesto-es-pauperrimo","status":"publish","type":"post","link":"https:\/\/archivosonoro.com.ar\/wordpress\/?p=4033","title":{"rendered":"Carmassi J: \u00abEl presupuesto es paup\u00e9rrimo\u00bb"},"content":{"rendered":"<p>Desde la Asociaci\u00f3n de Profesionales del Hospital Regional R\u00edo Grande, el Dr. Jorge Carmassi confirm\u00f3 el traslado de trabajadores de la salud hacia la capital provincial con motivo de la presencia del Ministro en las comisiones de Salud y Econom\u00eda para presentar el presupuesto 2013.<br \/>\nJorge Carmassi, reclam\u00f3 por la merma en el presupuesto que alcanzar\u00eda el 9% del total \u00abalguien durmi\u00f3\u00bb y el dinero fue a otro ministerio, asegur\u00f3.<\/p>\n","protected":false},"excerpt":{"rendered":"<p>Desde la Asociaci\u00f3n de Profesionales del Hospital Regional R\u00edo Grande, el Dr. Jorge Carmassi confirm\u00f3 el traslado de trabajadores de la salud hacia la capital provincial con motivo de la presencia del Ministro en las comisiones de Salud y Econom\u00eda para presentar el presupuesto 2013. Jorge Carmassi, reclam\u00f3 por la merma en el presupuesto que [&hellip;]<\/p>\n","protected":false},"author":7,"featured_media":0,"comment_status":"open","ping_status":"open","sticky":false,"template":"","format":"standard","meta":{"footnotes":""},"categories":[542],"tags":[131],"class_list":["post-4033","post","type-post","status-publish","format-standard","hentry","category-fm-ritual","tag-carmassi"],"_links":{"self":[{"href":"https:\/\/archivosonoro.com.ar\/wordpress\/index.php?rest_route=\/wp\/v2\/posts\/4033","targetHints":{"allow":["GET"]}}],"collection":[{"href":"https:\/\/archivosonoro.com.ar\/wordpress\/index.php?rest_route=\/wp\/v2\/posts"}],"about":[{"href":"https:\/\/archivosonoro.com.ar\/wordpress\/index.php?rest_route=\/wp\/v2\/types\/post"}],"author":[{"embeddable":true,"href":"https:\/\/archivosonoro.com.ar\/wordpress\/index.php?rest_route=\/wp\/v2\/users\/7"}],"replies":[{"embeddable":true,"href":"https:\/\/archivosonoro.com.ar\/wordpress\/index.php?rest_route=%2Fwp%2Fv2%2Fcomments&post=4033"}],"version-history":[{"count":1,"href":"https:\/\/archivosonoro.com.ar\/wordpress\/index.php?rest_route=\/wp\/v2\/posts\/4033\/revisions"}],"predecessor-version":[{"id":4034,"href":"https:\/\/archivosonoro.com.ar\/wordpress\/index.php?rest_route=\/wp\/v2\/posts\/4033\/revisions\/4034"}],"wp:attachment":[{"href":"https:\/\/archivosonoro.com.ar\/wordpress\/index.php?rest_route=%2Fwp%2Fv2%2Fmedia&parent=4033"}],"wp:term":[{"taxonomy":"category","embeddable":true,"href":"https:\/\/archivosonoro.com.ar\/wordpress\/index.php?rest_route=%2Fwp%2Fv2%2Fcategories&post=4033"},{"taxonomy":"post_tag","embeddable":true,"href":"https:\/\/archivosonoro.com.ar\/wordpress\/index.php?rest_route=%2Fwp%2Fv2%2Ftags&post=4033"}],"curies":[{"name":"wp","href":"https:\/\/api.w.org\/{rel}","templated":true}]}}