{"id":4027,"date":"2012-11-14T11:35:12","date_gmt":"2012-11-14T14:35:12","guid":{"rendered":"http:\/\/archivosonoro.com.ar\/?p=4027"},"modified":"2012-11-14T11:35:12","modified_gmt":"2012-11-14T14:35:12","slug":"heredia-m-ipauss-el-directorio-rechazo-el-proyecto-del-ejecutivo","status":"publish","type":"post","link":"https:\/\/archivosonoro.com.ar\/wordpress\/?p=4027","title":{"rendered":"Heredia M: IPAUSS: El Directorio rechaz\u00f3 el proyecto del ejecutivo."},"content":{"rendered":"<p>El Directorio del IPAUSS rechaz\u00f3 el proyecto de modificaci\u00f3n del r\u00e9gimen jubilatorio enviado por el ejecutivo provincial. \u00abHab\u00eda groseras omisiones en el proyecto\u00bb, afirm\u00f3 en FM Ritual Maximiliano Heredia.<br \/>\n\u00abNo adjunta este proyecto los cambios sobre la situaci\u00f3n econ\u00f3mica y financiera teniendo en cuenta que la principal situaci\u00f3n del IPAUSS se basa en la no cancelaci\u00f3n de deudas por parte del gobierno provincial\u00bb, dijo y resalt\u00f3 que no incluye ning\u00fan antecedente o estudio que fundamente que este proyecto altere la ecuaci\u00f3n econ\u00f3mica del organismo \u00absolamente pone el foco sobre los egresos, las jubilaciones y no sobre el alto porcentaje de los no ingresos\u00bb.<\/p>\n","protected":false},"excerpt":{"rendered":"<p>El Directorio del IPAUSS rechaz\u00f3 el proyecto de modificaci\u00f3n del r\u00e9gimen jubilatorio enviado por el ejecutivo provincial. \u00abHab\u00eda groseras omisiones en el proyecto\u00bb, afirm\u00f3 en FM Ritual Maximiliano Heredia. \u00abNo adjunta este proyecto los cambios sobre la situaci\u00f3n econ\u00f3mica y financiera teniendo en cuenta que la principal situaci\u00f3n del IPAUSS se basa en la no [&hellip;]<\/p>\n","protected":false},"author":7,"featured_media":0,"comment_status":"open","ping_status":"open","sticky":false,"template":"","format":"standard","meta":{"footnotes":""},"categories":[542],"tags":[110,5],"class_list":["post-4027","post","type-post","status-publish","format-standard","hentry","category-fm-ritual","tag-heredia","tag-ipauss"],"_links":{"self":[{"href":"https:\/\/archivosonoro.com.ar\/wordpress\/index.php?rest_route=\/wp\/v2\/posts\/4027","targetHints":{"allow":["GET"]}}],"collection":[{"href":"https:\/\/archivosonoro.com.ar\/wordpress\/index.php?rest_route=\/wp\/v2\/posts"}],"about":[{"href":"https:\/\/archivosonoro.com.ar\/wordpress\/index.php?rest_route=\/wp\/v2\/types\/post"}],"author":[{"embeddable":true,"href":"https:\/\/archivosonoro.com.ar\/wordpress\/index.php?rest_route=\/wp\/v2\/users\/7"}],"replies":[{"embeddable":true,"href":"https:\/\/archivosonoro.com.ar\/wordpress\/index.php?rest_route=%2Fwp%2Fv2%2Fcomments&post=4027"}],"version-history":[{"count":1,"href":"https:\/\/archivosonoro.com.ar\/wordpress\/index.php?rest_route=\/wp\/v2\/posts\/4027\/revisions"}],"predecessor-version":[{"id":4028,"href":"https:\/\/archivosonoro.com.ar\/wordpress\/index.php?rest_route=\/wp\/v2\/posts\/4027\/revisions\/4028"}],"wp:attachment":[{"href":"https:\/\/archivosonoro.com.ar\/wordpress\/index.php?rest_route=%2Fwp%2Fv2%2Fmedia&parent=4027"}],"wp:term":[{"taxonomy":"category","embeddable":true,"href":"https:\/\/archivosonoro.com.ar\/wordpress\/index.php?rest_route=%2Fwp%2Fv2%2Fcategories&post=4027"},{"taxonomy":"post_tag","embeddable":true,"href":"https:\/\/archivosonoro.com.ar\/wordpress\/index.php?rest_route=%2Fwp%2Fv2%2Ftags&post=4027"}],"curies":[{"name":"wp","href":"https:\/\/api.w.org\/{rel}","templated":true}]}}