{"id":4020,"date":"2012-11-13T11:46:19","date_gmt":"2012-11-13T14:46:19","guid":{"rendered":"http:\/\/archivosonoro.com.ar\/?p=4020"},"modified":"2012-11-13T11:46:19","modified_gmt":"2012-11-13T14:46:19","slug":"lasagno-r-se-espera-importante-adhesion-al-paro-del-20-en-santa-cruz","status":"publish","type":"post","link":"https:\/\/archivosonoro.com.ar\/wordpress\/?p=4020","title":{"rendered":"Lasagno R: Se espera importante adhesi\u00f3n al paro del 20 en Santa Cruz."},"content":{"rendered":"<p>Camioneros de Santa Cruz; ATE, CTA y los gremios adheridos a la CGT parar\u00e1n el pr\u00f3ximo martes. En di\u00e1logo con FM Ritual, Ruben Lasagno, de OPI Santa Cruz, adelant\u00f3 que \u00aben cuanto al n\u00famero de adhesi\u00f3n va a ser importante el paro y va a ser una manifestaci\u00f3n m\u00e1s pol\u00edtica que la ocurrida el 8 de novimbre\u00bb.<br \/>\nLasagno habl\u00f3 de los valores de la renegociaci\u00f3n de los contratos petroleros de Santa Cruz destacando que hay una merma importante respecto a 2011 \u00abestamos en 600 millones abajo\u00bb, afirm\u00f3.<br \/>\n\u00abEs un negociado terrible todo a favor del Estado Nacional\u00bb, dijo el periodista y se\u00f1al\u00f3 que esto se debe a la situaci\u00f3n que atraviesa la provincia que ni puede pagar los sueldos a fin de mes.<\/p>\n","protected":false},"excerpt":{"rendered":"<p>Camioneros de Santa Cruz; ATE, CTA y los gremios adheridos a la CGT parar\u00e1n el pr\u00f3ximo martes. En di\u00e1logo con FM Ritual, Ruben Lasagno, de OPI Santa Cruz, adelant\u00f3 que \u00aben cuanto al n\u00famero de adhesi\u00f3n va a ser importante el paro y va a ser una manifestaci\u00f3n m\u00e1s pol\u00edtica que la ocurrida el 8 [&hellip;]<\/p>\n","protected":false},"author":7,"featured_media":0,"comment_status":"open","ping_status":"open","sticky":false,"template":"","format":"standard","meta":{"footnotes":""},"categories":[542],"tags":[1018,1019],"class_list":["post-4020","post","type-post","status-publish","format-standard","hentry","category-fm-ritual","tag-lasagno","tag-opi-santa-cruz"],"_links":{"self":[{"href":"https:\/\/archivosonoro.com.ar\/wordpress\/index.php?rest_route=\/wp\/v2\/posts\/4020","targetHints":{"allow":["GET"]}}],"collection":[{"href":"https:\/\/archivosonoro.com.ar\/wordpress\/index.php?rest_route=\/wp\/v2\/posts"}],"about":[{"href":"https:\/\/archivosonoro.com.ar\/wordpress\/index.php?rest_route=\/wp\/v2\/types\/post"}],"author":[{"embeddable":true,"href":"https:\/\/archivosonoro.com.ar\/wordpress\/index.php?rest_route=\/wp\/v2\/users\/7"}],"replies":[{"embeddable":true,"href":"https:\/\/archivosonoro.com.ar\/wordpress\/index.php?rest_route=%2Fwp%2Fv2%2Fcomments&post=4020"}],"version-history":[{"count":1,"href":"https:\/\/archivosonoro.com.ar\/wordpress\/index.php?rest_route=\/wp\/v2\/posts\/4020\/revisions"}],"predecessor-version":[{"id":4021,"href":"https:\/\/archivosonoro.com.ar\/wordpress\/index.php?rest_route=\/wp\/v2\/posts\/4020\/revisions\/4021"}],"wp:attachment":[{"href":"https:\/\/archivosonoro.com.ar\/wordpress\/index.php?rest_route=%2Fwp%2Fv2%2Fmedia&parent=4020"}],"wp:term":[{"taxonomy":"category","embeddable":true,"href":"https:\/\/archivosonoro.com.ar\/wordpress\/index.php?rest_route=%2Fwp%2Fv2%2Fcategories&post=4020"},{"taxonomy":"post_tag","embeddable":true,"href":"https:\/\/archivosonoro.com.ar\/wordpress\/index.php?rest_route=%2Fwp%2Fv2%2Ftags&post=4020"}],"curies":[{"name":"wp","href":"https:\/\/api.w.org\/{rel}","templated":true}]}}