{"id":3998,"date":"2012-11-12T11:37:16","date_gmt":"2012-11-12T14:37:16","guid":{"rendered":"http:\/\/archivosonoro.com.ar\/?p=3998"},"modified":"2012-11-12T11:37:16","modified_gmt":"2012-11-12T14:37:16","slug":"barrientos-e-recurso-humano-tema-para-una-reunion-del-cofelesa","status":"publish","type":"post","link":"https:\/\/archivosonoro.com.ar\/wordpress\/?p=3998","title":{"rendered":"Barrientos E: Recurso humano: tema para una reuni\u00f3n del COFELESA."},"content":{"rendered":"<p>El legislador Eduardo Barrientos confirm\u00f3 que tras la manifestaci\u00f3n de los trabajadores de la salud en la \u00faltima reuni\u00f3n del COFELESA en Ushuaia y recordando que situaciones similares se vivieron en otras ocasiones en distintas provincias, los legisladores integrantes de la comisi\u00f3n analizan tratar la problem\u00e1tica del recurso humano de  los hospitales en un encuentro que podr\u00eda ser en el mes de marzo.<br \/>\nEn declaraciones a FM Ritual, Barrientos aclar\u00f3 que se abordar\u00e1 la cuesti\u00f3n del recurso humano en forma integral y no solo en relaci\u00f3n a los salarios.<\/p>\n","protected":false},"excerpt":{"rendered":"<p>El legislador Eduardo Barrientos confirm\u00f3 que tras la manifestaci\u00f3n de los trabajadores de la salud en la \u00faltima reuni\u00f3n del COFELESA en Ushuaia y recordando que situaciones similares se vivieron en otras ocasiones en distintas provincias, los legisladores integrantes de la comisi\u00f3n analizan tratar la problem\u00e1tica del recurso humano de los hospitales en un encuentro [&hellip;]<\/p>\n","protected":false},"author":7,"featured_media":0,"comment_status":"open","ping_status":"open","sticky":false,"template":"","format":"standard","meta":{"footnotes":""},"categories":[542],"tags":[69,868],"class_list":["post-3998","post","type-post","status-publish","format-standard","hentry","category-fm-ritual","tag-barrientos","tag-cofelesa"],"_links":{"self":[{"href":"https:\/\/archivosonoro.com.ar\/wordpress\/index.php?rest_route=\/wp\/v2\/posts\/3998","targetHints":{"allow":["GET"]}}],"collection":[{"href":"https:\/\/archivosonoro.com.ar\/wordpress\/index.php?rest_route=\/wp\/v2\/posts"}],"about":[{"href":"https:\/\/archivosonoro.com.ar\/wordpress\/index.php?rest_route=\/wp\/v2\/types\/post"}],"author":[{"embeddable":true,"href":"https:\/\/archivosonoro.com.ar\/wordpress\/index.php?rest_route=\/wp\/v2\/users\/7"}],"replies":[{"embeddable":true,"href":"https:\/\/archivosonoro.com.ar\/wordpress\/index.php?rest_route=%2Fwp%2Fv2%2Fcomments&post=3998"}],"version-history":[{"count":1,"href":"https:\/\/archivosonoro.com.ar\/wordpress\/index.php?rest_route=\/wp\/v2\/posts\/3998\/revisions"}],"predecessor-version":[{"id":3999,"href":"https:\/\/archivosonoro.com.ar\/wordpress\/index.php?rest_route=\/wp\/v2\/posts\/3998\/revisions\/3999"}],"wp:attachment":[{"href":"https:\/\/archivosonoro.com.ar\/wordpress\/index.php?rest_route=%2Fwp%2Fv2%2Fmedia&parent=3998"}],"wp:term":[{"taxonomy":"category","embeddable":true,"href":"https:\/\/archivosonoro.com.ar\/wordpress\/index.php?rest_route=%2Fwp%2Fv2%2Fcategories&post=3998"},{"taxonomy":"post_tag","embeddable":true,"href":"https:\/\/archivosonoro.com.ar\/wordpress\/index.php?rest_route=%2Fwp%2Fv2%2Ftags&post=3998"}],"curies":[{"name":"wp","href":"https:\/\/api.w.org\/{rel}","templated":true}]}}