{"id":3968,"date":"2012-11-10T02:00:32","date_gmt":"2012-11-10T05:00:32","guid":{"rendered":"http:\/\/archivosonoro.com.ar\/?p=3968"},"modified":"2012-11-10T02:00:32","modified_gmt":"2012-11-10T05:00:32","slug":"garnica-s-consejo-economico-y-social-es-una-herramienta-cuando-los-sectores-estan-dispuestos","status":"publish","type":"post","link":"https:\/\/archivosonoro.com.ar\/wordpress\/?p=3968","title":{"rendered":"G\u00e1rnica S: Consejo Econ\u00f3mico y Social: \u00abes una herramienta cuando los sectores est\u00e1n dispuestos\u00bb."},"content":{"rendered":"<p>Tras el tercer encuentro del Consejo Econ\u00f3mico y Social, Sandra G\u00e1rnica obesrv\u00f3 que es una herramienta \u00abcuando los sectores est\u00e1n dispuestos\u00bb. En relaci\u00f3n al impuesto rural, dijo que tras las reuniones de comisi\u00f3n y teniendo en cuenta la voluntad del sector, \u00abse va a llegar a un punto intermedio\u00bb entre la propuesta del gobierno y la postura del sector rural.<br \/>\nEn Radio Fueguina, G\u00e1rnica resalt\u00f3 que en la reuni\u00f3n se trat\u00f3 como primer punto la pol\u00edtica de acuerdo de precios que present\u00f3 el Poder Ejecutivo, la creaci\u00f3n de un mercado concentrador y cooperativas de almaceneros.<\/p>\n","protected":false},"excerpt":{"rendered":"<p>Tras el tercer encuentro del Consejo Econ\u00f3mico y Social, Sandra G\u00e1rnica obesrv\u00f3 que es una herramienta \u00abcuando los sectores est\u00e1n dispuestos\u00bb. En relaci\u00f3n al impuesto rural, dijo que tras las reuniones de comisi\u00f3n y teniendo en cuenta la voluntad del sector, \u00abse va a llegar a un punto intermedio\u00bb entre la propuesta del gobierno y [&hellip;]<\/p>\n","protected":false},"author":7,"featured_media":0,"comment_status":"open","ping_status":"open","sticky":false,"template":"","format":"standard","meta":{"footnotes":""},"categories":[846],"tags":[869,928],"class_list":["post-3968","post","type-post","status-publish","format-standard","hentry","category-radio-fueguina","tag-consejo-economico-y-social","tag-garnica"],"_links":{"self":[{"href":"https:\/\/archivosonoro.com.ar\/wordpress\/index.php?rest_route=\/wp\/v2\/posts\/3968","targetHints":{"allow":["GET"]}}],"collection":[{"href":"https:\/\/archivosonoro.com.ar\/wordpress\/index.php?rest_route=\/wp\/v2\/posts"}],"about":[{"href":"https:\/\/archivosonoro.com.ar\/wordpress\/index.php?rest_route=\/wp\/v2\/types\/post"}],"author":[{"embeddable":true,"href":"https:\/\/archivosonoro.com.ar\/wordpress\/index.php?rest_route=\/wp\/v2\/users\/7"}],"replies":[{"embeddable":true,"href":"https:\/\/archivosonoro.com.ar\/wordpress\/index.php?rest_route=%2Fwp%2Fv2%2Fcomments&post=3968"}],"version-history":[{"count":1,"href":"https:\/\/archivosonoro.com.ar\/wordpress\/index.php?rest_route=\/wp\/v2\/posts\/3968\/revisions"}],"predecessor-version":[{"id":3969,"href":"https:\/\/archivosonoro.com.ar\/wordpress\/index.php?rest_route=\/wp\/v2\/posts\/3968\/revisions\/3969"}],"wp:attachment":[{"href":"https:\/\/archivosonoro.com.ar\/wordpress\/index.php?rest_route=%2Fwp%2Fv2%2Fmedia&parent=3968"}],"wp:term":[{"taxonomy":"category","embeddable":true,"href":"https:\/\/archivosonoro.com.ar\/wordpress\/index.php?rest_route=%2Fwp%2Fv2%2Fcategories&post=3968"},{"taxonomy":"post_tag","embeddable":true,"href":"https:\/\/archivosonoro.com.ar\/wordpress\/index.php?rest_route=%2Fwp%2Fv2%2Ftags&post=3968"}],"curies":[{"name":"wp","href":"https:\/\/api.w.org\/{rel}","templated":true}]}}