{"id":3914,"date":"2012-11-05T11:54:58","date_gmt":"2012-11-05T14:54:58","guid":{"rendered":"http:\/\/archivosonoro.com.ar\/?p=3914"},"modified":"2012-11-05T12:27:45","modified_gmt":"2012-11-05T15:27:45","slug":"contratos-petroleros-el-sindicato-de-petroleo-y-gas-reclama-la-decision-de-los-legisladores","status":"publish","type":"post","link":"https:\/\/archivosonoro.com.ar\/wordpress\/?p=3914","title":{"rendered":"Contratos petroleros: El Sindicato de Petr\u00f3leo Y Gas reclama la decisi\u00f3n de los legisladores."},"content":{"rendered":"<p>El Sindicato de Petroleo y Gas privado reclama a los legisladores provinciales la resoluci\u00f3n de la renegociaci\u00f3n de los contratos petroleros.<br \/>\nEN FM Ritual, Ren\u00e9 Vergara explic\u00f3: \u00abhay dos legisladores que siempre est\u00e1n en contacto con nosotros y los otros 13 hacen o\u00eddos sordos y lo que queremos es que nos llamen y nos digan sinceramente que es lo que van a hacer, si van a firmar o no van a firmar porque los compa\u00f1eros ya est\u00e1n cansados y nosotros tambi\u00e9n de que nos anden sobando el lomo y no se concrete nada\u00bb.<br \/>\nVergara prefiri\u00f3 mantener en reserva el nombre de los parlamentarios con los que mantienen frecuente contacto y advirti\u00f3 sobre \u00abalguien que quiere meter palos en la rueda\u00bb adelantando que de no solucionarse podr\u00edan implementar medidas de fuerza en la frontera en el per\u00edodo vacacional.<\/p>\n","protected":false},"excerpt":{"rendered":"<p>El Sindicato de Petroleo y Gas privado reclama a los legisladores provinciales la resoluci\u00f3n de la renegociaci\u00f3n de los contratos petroleros. EN FM Ritual, Ren\u00e9 Vergara explic\u00f3: \u00abhay dos legisladores que siempre est\u00e1n en contacto con nosotros y los otros 13 hacen o\u00eddos sordos y lo que queremos es que nos llamen y nos digan [&hellip;]<\/p>\n","protected":false},"author":7,"featured_media":0,"comment_status":"open","ping_status":"open","sticky":false,"template":"","format":"standard","meta":{"footnotes":""},"categories":[542],"tags":[177],"class_list":["post-3914","post","type-post","status-publish","format-standard","hentry","category-fm-ritual","tag-vergara"],"_links":{"self":[{"href":"https:\/\/archivosonoro.com.ar\/wordpress\/index.php?rest_route=\/wp\/v2\/posts\/3914","targetHints":{"allow":["GET"]}}],"collection":[{"href":"https:\/\/archivosonoro.com.ar\/wordpress\/index.php?rest_route=\/wp\/v2\/posts"}],"about":[{"href":"https:\/\/archivosonoro.com.ar\/wordpress\/index.php?rest_route=\/wp\/v2\/types\/post"}],"author":[{"embeddable":true,"href":"https:\/\/archivosonoro.com.ar\/wordpress\/index.php?rest_route=\/wp\/v2\/users\/7"}],"replies":[{"embeddable":true,"href":"https:\/\/archivosonoro.com.ar\/wordpress\/index.php?rest_route=%2Fwp%2Fv2%2Fcomments&post=3914"}],"version-history":[{"count":2,"href":"https:\/\/archivosonoro.com.ar\/wordpress\/index.php?rest_route=\/wp\/v2\/posts\/3914\/revisions"}],"predecessor-version":[{"id":3921,"href":"https:\/\/archivosonoro.com.ar\/wordpress\/index.php?rest_route=\/wp\/v2\/posts\/3914\/revisions\/3921"}],"wp:attachment":[{"href":"https:\/\/archivosonoro.com.ar\/wordpress\/index.php?rest_route=%2Fwp%2Fv2%2Fmedia&parent=3914"}],"wp:term":[{"taxonomy":"category","embeddable":true,"href":"https:\/\/archivosonoro.com.ar\/wordpress\/index.php?rest_route=%2Fwp%2Fv2%2Fcategories&post=3914"},{"taxonomy":"post_tag","embeddable":true,"href":"https:\/\/archivosonoro.com.ar\/wordpress\/index.php?rest_route=%2Fwp%2Fv2%2Ftags&post=3914"}],"curies":[{"name":"wp","href":"https:\/\/api.w.org\/{rel}","templated":true}]}}