{"id":3913,"date":"2012-11-05T11:44:55","date_gmt":"2012-11-05T14:44:55","guid":{"rendered":"http:\/\/archivosonoro.com.ar\/?p=3913"},"modified":"2012-11-05T12:27:10","modified_gmt":"2012-11-05T15:27:10","slug":"melella-g-si-no-dejamos-de-lado-las-diferencias-esto-se-incendia","status":"publish","type":"post","link":"https:\/\/archivosonoro.com.ar\/wordpress\/?p=3913","title":{"rendered":"Melella G: Si no dejamos de lado las diferencias, \u00abesto se incendia\u00bb."},"content":{"rendered":"<p>Gustavo Melella sostuvo que el an\u00e1lisis de la Ley 648, la reforma tarifaria y el sistema de salud requiere que la dirigencia pol\u00edtica, sindical y empresarial de muestras de estar a la altura de las circunstancias. Consultado en FM Ritual sobre el rechazo del gobierno a la propuesta de la Municipalidad de R\u00edo Grande de hacerse cargo de la atenci\u00f3n primaria de la salud en los Centros Perif\u00e9ricos, respondi\u00f3 que era la posici\u00f3n de la Ministra saliente Mar\u00eda Grieco quien sosten\u00eda que era \u00abquebrar el sistema de salud\u00bb y adelant\u00f3 que podr\u00eda avanzar el tema con el nuevo Ministro Arias.<br \/>\nEl Intendente de R\u00edo Grande advirti\u00f3 sobre la posici\u00f3n de los sectores que no permite avanzar por las peleas y tironeos constantes: \u00abel panorama es como que todos estamos peleados defendiendo cada uno lo nuestro. Creo que eso no es bueno y no va a aportar soluciones\u00bb.<br \/>\nFinalmente, Melella asegur\u00f3: \u00absi uno mismo no es capaz de lado las diferencias y en este momento buscar las soluciones a la provincia, esto se incendia\u00bb.<\/p>\n","protected":false},"excerpt":{"rendered":"<p>Gustavo Melella sostuvo que el an\u00e1lisis de la Ley 648, la reforma tarifaria y el sistema de salud requiere que la dirigencia pol\u00edtica, sindical y empresarial de muestras de estar a la altura de las circunstancias. Consultado en FM Ritual sobre el rechazo del gobierno a la propuesta de la Municipalidad de R\u00edo Grande de [&hellip;]<\/p>\n","protected":false},"author":7,"featured_media":0,"comment_status":"open","ping_status":"open","sticky":false,"template":"","format":"standard","meta":{"footnotes":""},"categories":[542],"tags":[422,51,830,74],"class_list":["post-3913","post","type-post","status-publish","format-standard","hentry","category-fm-ritual","tag-arias","tag-grieco","tag-ley-648","tag-melella"],"_links":{"self":[{"href":"https:\/\/archivosonoro.com.ar\/wordpress\/index.php?rest_route=\/wp\/v2\/posts\/3913","targetHints":{"allow":["GET"]}}],"collection":[{"href":"https:\/\/archivosonoro.com.ar\/wordpress\/index.php?rest_route=\/wp\/v2\/posts"}],"about":[{"href":"https:\/\/archivosonoro.com.ar\/wordpress\/index.php?rest_route=\/wp\/v2\/types\/post"}],"author":[{"embeddable":true,"href":"https:\/\/archivosonoro.com.ar\/wordpress\/index.php?rest_route=\/wp\/v2\/users\/7"}],"replies":[{"embeddable":true,"href":"https:\/\/archivosonoro.com.ar\/wordpress\/index.php?rest_route=%2Fwp%2Fv2%2Fcomments&post=3913"}],"version-history":[{"count":2,"href":"https:\/\/archivosonoro.com.ar\/wordpress\/index.php?rest_route=\/wp\/v2\/posts\/3913\/revisions"}],"predecessor-version":[{"id":3920,"href":"https:\/\/archivosonoro.com.ar\/wordpress\/index.php?rest_route=\/wp\/v2\/posts\/3913\/revisions\/3920"}],"wp:attachment":[{"href":"https:\/\/archivosonoro.com.ar\/wordpress\/index.php?rest_route=%2Fwp%2Fv2%2Fmedia&parent=3913"}],"wp:term":[{"taxonomy":"category","embeddable":true,"href":"https:\/\/archivosonoro.com.ar\/wordpress\/index.php?rest_route=%2Fwp%2Fv2%2Fcategories&post=3913"},{"taxonomy":"post_tag","embeddable":true,"href":"https:\/\/archivosonoro.com.ar\/wordpress\/index.php?rest_route=%2Fwp%2Fv2%2Ftags&post=3913"}],"curies":[{"name":"wp","href":"https:\/\/api.w.org\/{rel}","templated":true}]}}