{"id":3904,"date":"2012-11-05T10:48:07","date_gmt":"2012-11-05T13:48:07","guid":{"rendered":"http:\/\/archivosonoro.com.ar\/?p=3904"},"modified":"2012-11-05T10:56:16","modified_gmt":"2012-11-05T13:56:16","slug":"ruiz-o-hay-muchos-regimenes-similares-al-de-los-25-inviernos-de-los-que-nadie-habla","status":"publish","type":"post","link":"https:\/\/archivosonoro.com.ar\/wordpress\/?p=3904","title":{"rendered":"Ruiz O: \u00abHay muchos reg\u00edmenes similares al de los 25 inviernos de los que nadie habla\u00bb"},"content":{"rendered":"<p>La Justicia fall\u00f3 declarando inadmisible el pedido de inconstitucionalidad de la Ley de los 25 inviernos impulsada por el Directorio del IPAUSS. \u00abEs todo un tema\u00bb, dijo el Director Oscar Ruiz quien admiti\u00f3 que a\u00fan no lo ha visto con un profesional en leyes. \u00abMe da la sensaci\u00f3n que es por alguna raz\u00f3n de t\u00e9cnica jur\u00eddica m\u00e1s que por el verdadero sustrato de la constitucionalidad\u00bb, observ\u00f3 en Radio Provincia.<br \/>\nRuiz admiti\u00f3 que es un derecho adquirido, entiende que es una cuesti\u00f3n de privilegio, que fue una ley demag\u00f3gica en su momento y plante\u00f3 la continuidad pero que los beneficiarios aporten los 5 a\u00f1os hasta cumplir los 30 de aportes aclarando que no solo para los 25 inviernos, sino para todos los afiliados de la caja \u00abporque hay muchos otros reg\u00edmenes que son similares a este pero de los que nadie habla\u00bb.<\/p>\n","protected":false},"excerpt":{"rendered":"<p>La Justicia fall\u00f3 declarando inadmisible el pedido de inconstitucionalidad de la Ley de los 25 inviernos impulsada por el Directorio del IPAUSS. \u00abEs todo un tema\u00bb, dijo el Director Oscar Ruiz quien admiti\u00f3 que a\u00fan no lo ha visto con un profesional en leyes. \u00abMe da la sensaci\u00f3n que es por alguna raz\u00f3n de t\u00e9cnica [&hellip;]<\/p>\n","protected":false},"author":7,"featured_media":0,"comment_status":"open","ping_status":"open","sticky":false,"template":"","format":"standard","meta":{"footnotes":""},"categories":[3],"tags":[5,1001,239],"class_list":["post-3904","post","type-post","status-publish","format-standard","hentry","category-radio-provincia","tag-ipauss","tag-ley-de-los-25-inviernos","tag-ruiz"],"_links":{"self":[{"href":"https:\/\/archivosonoro.com.ar\/wordpress\/index.php?rest_route=\/wp\/v2\/posts\/3904","targetHints":{"allow":["GET"]}}],"collection":[{"href":"https:\/\/archivosonoro.com.ar\/wordpress\/index.php?rest_route=\/wp\/v2\/posts"}],"about":[{"href":"https:\/\/archivosonoro.com.ar\/wordpress\/index.php?rest_route=\/wp\/v2\/types\/post"}],"author":[{"embeddable":true,"href":"https:\/\/archivosonoro.com.ar\/wordpress\/index.php?rest_route=\/wp\/v2\/users\/7"}],"replies":[{"embeddable":true,"href":"https:\/\/archivosonoro.com.ar\/wordpress\/index.php?rest_route=%2Fwp%2Fv2%2Fcomments&post=3904"}],"version-history":[{"count":2,"href":"https:\/\/archivosonoro.com.ar\/wordpress\/index.php?rest_route=\/wp\/v2\/posts\/3904\/revisions"}],"predecessor-version":[{"id":3908,"href":"https:\/\/archivosonoro.com.ar\/wordpress\/index.php?rest_route=\/wp\/v2\/posts\/3904\/revisions\/3908"}],"wp:attachment":[{"href":"https:\/\/archivosonoro.com.ar\/wordpress\/index.php?rest_route=%2Fwp%2Fv2%2Fmedia&parent=3904"}],"wp:term":[{"taxonomy":"category","embeddable":true,"href":"https:\/\/archivosonoro.com.ar\/wordpress\/index.php?rest_route=%2Fwp%2Fv2%2Fcategories&post=3904"},{"taxonomy":"post_tag","embeddable":true,"href":"https:\/\/archivosonoro.com.ar\/wordpress\/index.php?rest_route=%2Fwp%2Fv2%2Ftags&post=3904"}],"curies":[{"name":"wp","href":"https:\/\/api.w.org\/{rel}","templated":true}]}}