{"id":3843,"date":"2012-10-31T11:18:38","date_gmt":"2012-10-31T14:18:38","guid":{"rendered":"http:\/\/archivosonoro.com.ar\/?p=3843"},"modified":"2012-10-31T12:29:42","modified_gmt":"2012-10-31T15:29:42","slug":"andino-c-a-29-anos-del-retorno-de-la-democracia-en-la-argentina","status":"publish","type":"post","link":"https:\/\/archivosonoro.com.ar\/wordpress\/?p=3843","title":{"rendered":"Andino C: A 29 a\u00f1os del retorno de la democracia en la Argentina."},"content":{"rendered":"<p>Quien fuera integrante de la primer legislatura territorial en 1983, Dr. Carlos Andino, reflexion\u00f3 acerca de los 29 a\u00f1os del retorno de la democracia en Argentinan que se cumplieron ayer. \u00abLa gente de mi generaci\u00f3n  no ten\u00edamos vida democr\u00e1tica, nacimos, nos criamos e hicimos pol\u00edtica bajo el paraguas de la inseguridad que significaba estar en un r\u00e9gimen militar donde las libertades y las garant\u00edas constitucionales estaban totalmente coartadas\u00bb, record\u00f3.<br \/>\nEntrevistado en Radio Fueguina, Andino dijo que el poder de facto militar no se resignaba y que el poder pol\u00edtico y econ\u00f3mico que hab\u00edan sido c\u00f3mplices de la dictadura militar tampoco se retiraban \u00aby eso se hac\u00eda sentir en todas las manifestaciones de la vida de los que milit\u00e1bamos y en todos los lugares del pa\u00eds sin ning\u00fan tipo de distinci\u00f3n\u00bb.<br \/>\nA la entrevista se sum\u00f3 \u00abMingo\u00bb Gutierrez, quien hab\u00eda sido elegido concejal por la ciudad de R\u00edo Grande y ambos, relataron diversas circunstancias del retorno a la democracia en el entonces Territorio Nacional para finalizar con apreciaciones sobre la situaci\u00f3n actual de la provincia. \u00abNosotros ten\u00edamos una clara diferencia doctrinaria\u00bb, opin\u00f3 Andino, entendiendo que esto enriquec\u00eda los debates porque uno trasladaba a la pr\u00e1ctica sus convicciones pol\u00edticas y doctrinarias.<\/p>\n","protected":false},"excerpt":{"rendered":"<p>Quien fuera integrante de la primer legislatura territorial en 1983, Dr. Carlos Andino, reflexion\u00f3 acerca de los 29 a\u00f1os del retorno de la democracia en Argentinan que se cumplieron ayer. \u00abLa gente de mi generaci\u00f3n no ten\u00edamos vida democr\u00e1tica, nacimos, nos criamos e hicimos pol\u00edtica bajo el paraguas de la inseguridad que significaba estar en [&hellip;]<\/p>\n","protected":false},"author":7,"featured_media":0,"comment_status":"open","ping_status":"open","sticky":false,"template":"","format":"standard","meta":{"footnotes":""},"categories":[846],"tags":[976,220],"class_list":["post-3843","post","type-post","status-publish","format-standard","hentry","category-radio-fueguina","tag-andino","tag-gutierrez"],"_links":{"self":[{"href":"https:\/\/archivosonoro.com.ar\/wordpress\/index.php?rest_route=\/wp\/v2\/posts\/3843","targetHints":{"allow":["GET"]}}],"collection":[{"href":"https:\/\/archivosonoro.com.ar\/wordpress\/index.php?rest_route=\/wp\/v2\/posts"}],"about":[{"href":"https:\/\/archivosonoro.com.ar\/wordpress\/index.php?rest_route=\/wp\/v2\/types\/post"}],"author":[{"embeddable":true,"href":"https:\/\/archivosonoro.com.ar\/wordpress\/index.php?rest_route=\/wp\/v2\/users\/7"}],"replies":[{"embeddable":true,"href":"https:\/\/archivosonoro.com.ar\/wordpress\/index.php?rest_route=%2Fwp%2Fv2%2Fcomments&post=3843"}],"version-history":[{"count":3,"href":"https:\/\/archivosonoro.com.ar\/wordpress\/index.php?rest_route=\/wp\/v2\/posts\/3843\/revisions"}],"predecessor-version":[{"id":3853,"href":"https:\/\/archivosonoro.com.ar\/wordpress\/index.php?rest_route=\/wp\/v2\/posts\/3843\/revisions\/3853"}],"wp:attachment":[{"href":"https:\/\/archivosonoro.com.ar\/wordpress\/index.php?rest_route=%2Fwp%2Fv2%2Fmedia&parent=3843"}],"wp:term":[{"taxonomy":"category","embeddable":true,"href":"https:\/\/archivosonoro.com.ar\/wordpress\/index.php?rest_route=%2Fwp%2Fv2%2Fcategories&post=3843"},{"taxonomy":"post_tag","embeddable":true,"href":"https:\/\/archivosonoro.com.ar\/wordpress\/index.php?rest_route=%2Fwp%2Fv2%2Ftags&post=3843"}],"curies":[{"name":"wp","href":"https:\/\/api.w.org\/{rel}","templated":true}]}}