{"id":3730,"date":"2012-10-25T12:44:04","date_gmt":"2012-10-25T15:44:04","guid":{"rendered":"http:\/\/archivosonoro.com.ar\/?p=3730"},"modified":"2012-10-25T12:44:04","modified_gmt":"2012-10-25T15:44:04","slug":"cordoba-c-que-alguien-pare-la-pelota","status":"publish","type":"post","link":"https:\/\/archivosonoro.com.ar\/wordpress\/?p=3730","title":{"rendered":"C\u00f3rdoba C: \u00abQue alguien pare la pelota\u00bb"},"content":{"rendered":"<p>Carlos C\u00f3rdoba dijo que es \u00abmuy malo\u00bb el aspecto pol\u00edtico que presenta el gobierno. \u00abSe ha equivocado much\u00edsmo\u00bb, asegur\u00f3 en FM Ritual. El Secretario general de ATE reclam\u00f3 que \u00abalguien pare la pelota\u00bb porque de la forma que vamos, \u00abvamos hacia un precipicio\u00bb y advirti\u00f3 que en este escenario o el que sea, los trabajadores necesitans un aumento salarial. Admiti\u00f3 adem\u00e1s, que \u00abhay compa\u00f1eros que quieren montar una carpa de protesta frente a gobierno\u00bb.<\/p>\n","protected":false},"excerpt":{"rendered":"<p>Carlos C\u00f3rdoba dijo que es \u00abmuy malo\u00bb el aspecto pol\u00edtico que presenta el gobierno. \u00abSe ha equivocado much\u00edsmo\u00bb, asegur\u00f3 en FM Ritual. El Secretario general de ATE reclam\u00f3 que \u00abalguien pare la pelota\u00bb porque de la forma que vamos, \u00abvamos hacia un precipicio\u00bb y advirti\u00f3 que en este escenario o el que sea, los trabajadores [&hellip;]<\/p>\n","protected":false},"author":7,"featured_media":0,"comment_status":"open","ping_status":"open","sticky":false,"template":"","format":"standard","meta":{"footnotes":""},"categories":[542],"tags":[10,13],"class_list":["post-3730","post","type-post","status-publish","format-standard","hentry","category-fm-ritual","tag-ate","tag-cordoba"],"_links":{"self":[{"href":"https:\/\/archivosonoro.com.ar\/wordpress\/index.php?rest_route=\/wp\/v2\/posts\/3730","targetHints":{"allow":["GET"]}}],"collection":[{"href":"https:\/\/archivosonoro.com.ar\/wordpress\/index.php?rest_route=\/wp\/v2\/posts"}],"about":[{"href":"https:\/\/archivosonoro.com.ar\/wordpress\/index.php?rest_route=\/wp\/v2\/types\/post"}],"author":[{"embeddable":true,"href":"https:\/\/archivosonoro.com.ar\/wordpress\/index.php?rest_route=\/wp\/v2\/users\/7"}],"replies":[{"embeddable":true,"href":"https:\/\/archivosonoro.com.ar\/wordpress\/index.php?rest_route=%2Fwp%2Fv2%2Fcomments&post=3730"}],"version-history":[{"count":1,"href":"https:\/\/archivosonoro.com.ar\/wordpress\/index.php?rest_route=\/wp\/v2\/posts\/3730\/revisions"}],"predecessor-version":[{"id":3731,"href":"https:\/\/archivosonoro.com.ar\/wordpress\/index.php?rest_route=\/wp\/v2\/posts\/3730\/revisions\/3731"}],"wp:attachment":[{"href":"https:\/\/archivosonoro.com.ar\/wordpress\/index.php?rest_route=%2Fwp%2Fv2%2Fmedia&parent=3730"}],"wp:term":[{"taxonomy":"category","embeddable":true,"href":"https:\/\/archivosonoro.com.ar\/wordpress\/index.php?rest_route=%2Fwp%2Fv2%2Fcategories&post=3730"},{"taxonomy":"post_tag","embeddable":true,"href":"https:\/\/archivosonoro.com.ar\/wordpress\/index.php?rest_route=%2Fwp%2Fv2%2Ftags&post=3730"}],"curies":[{"name":"wp","href":"https:\/\/api.w.org\/{rel}","templated":true}]}}