{"id":3724,"date":"2012-10-25T12:01:40","date_gmt":"2012-10-25T15:01:40","guid":{"rendered":"http:\/\/archivosonoro.com.ar\/?p=3724"},"modified":"2012-10-25T12:01:40","modified_gmt":"2012-10-25T15:01:40","slug":"ruiz-g-rio-grande-la-municipalidad-debera-devolver-una-mala-liquidacion-a-los-trabajadores","status":"publish","type":"post","link":"https:\/\/archivosonoro.com.ar\/wordpress\/?p=3724","title":{"rendered":"Ruiz G: R\u00edo Grande. La Municipalidad deber\u00e1 devolver una mala liquidaci\u00f3n a los trabajadores."},"content":{"rendered":"<p>La C\u00e1mara de Apelaciones fall\u00f3 a favor del reclamo de los trabajadores municipales de R\u00edo Grande relacionado con una mala liquidaci\u00f3n de haberes en 2009. \u00abEn el a\u00f1o 2009 est\u00e1bamos reclamando al Intendente Mart\u00edn y una vez que hicimos paro, movilizaciones y asambleas, el intendente por una cuesti\u00f3n de capricho y de imposici\u00f3n hab\u00eda descontado en forma unilateral a los trabajadores que estaban m\u00e1s expuestos, hab\u00eda m\u00e1s de 200 trabajadores y solamente castig\u00f3 a 50  descont\u00e1ndoles los sueldos\u00bb, record\u00f3 Ger\u00f3nimo Ruiz en FM Ritual. El monto que deber\u00e1 abonar la municipalidad \u00abpor un capricho de un intendente que no le importaba absolutamente nada como el Intendente Mart\u00edn y aparentemente Melella sigue el mismo camino porque dice una cosa y hace otra\u00bb asciende a $70.000 sin calcular a\u00fan las costas de lo abogados y los intereses de estos tres a\u00f1os.<br \/>\nEn otro orden de cosas, Ruiz reclam\u00f3 que hace una semana los empleados de la municipalidad trabajan sin calefacci\u00f3n y que el Secretario de Gobierno \u00abno nos quiso  atender\u00bb para abordar la soluci\u00f3n al inconveniente.<\/p>\n","protected":false},"excerpt":{"rendered":"<p>La C\u00e1mara de Apelaciones fall\u00f3 a favor del reclamo de los trabajadores municipales de R\u00edo Grande relacionado con una mala liquidaci\u00f3n de haberes en 2009. \u00abEn el a\u00f1o 2009 est\u00e1bamos reclamando al Intendente Mart\u00edn y una vez que hicimos paro, movilizaciones y asambleas, el intendente por una cuesti\u00f3n de capricho y de imposici\u00f3n hab\u00eda descontado [&hellip;]<\/p>\n","protected":false},"author":7,"featured_media":0,"comment_status":"open","ping_status":"open","sticky":false,"template":"","format":"standard","meta":{"footnotes":""},"categories":[542],"tags":[383,347,74,239],"class_list":["post-3724","post","type-post","status-publish","format-standard","hentry","category-fm-ritual","tag-asoem","tag-martin","tag-melella","tag-ruiz"],"_links":{"self":[{"href":"https:\/\/archivosonoro.com.ar\/wordpress\/index.php?rest_route=\/wp\/v2\/posts\/3724","targetHints":{"allow":["GET"]}}],"collection":[{"href":"https:\/\/archivosonoro.com.ar\/wordpress\/index.php?rest_route=\/wp\/v2\/posts"}],"about":[{"href":"https:\/\/archivosonoro.com.ar\/wordpress\/index.php?rest_route=\/wp\/v2\/types\/post"}],"author":[{"embeddable":true,"href":"https:\/\/archivosonoro.com.ar\/wordpress\/index.php?rest_route=\/wp\/v2\/users\/7"}],"replies":[{"embeddable":true,"href":"https:\/\/archivosonoro.com.ar\/wordpress\/index.php?rest_route=%2Fwp%2Fv2%2Fcomments&post=3724"}],"version-history":[{"count":1,"href":"https:\/\/archivosonoro.com.ar\/wordpress\/index.php?rest_route=\/wp\/v2\/posts\/3724\/revisions"}],"predecessor-version":[{"id":3725,"href":"https:\/\/archivosonoro.com.ar\/wordpress\/index.php?rest_route=\/wp\/v2\/posts\/3724\/revisions\/3725"}],"wp:attachment":[{"href":"https:\/\/archivosonoro.com.ar\/wordpress\/index.php?rest_route=%2Fwp%2Fv2%2Fmedia&parent=3724"}],"wp:term":[{"taxonomy":"category","embeddable":true,"href":"https:\/\/archivosonoro.com.ar\/wordpress\/index.php?rest_route=%2Fwp%2Fv2%2Fcategories&post=3724"},{"taxonomy":"post_tag","embeddable":true,"href":"https:\/\/archivosonoro.com.ar\/wordpress\/index.php?rest_route=%2Fwp%2Fv2%2Ftags&post=3724"}],"curies":[{"name":"wp","href":"https:\/\/api.w.org\/{rel}","templated":true}]}}