{"id":3712,"date":"2012-10-24T12:00:23","date_gmt":"2012-10-24T15:00:23","guid":{"rendered":"http:\/\/archivosonoro.com.ar\/?p=3712"},"modified":"2012-10-24T12:00:23","modified_gmt":"2012-10-24T15:00:23","slug":"ravaglia-d-cuando-los-asesores-de-imagen-son-publicistas-suceden-estos-errores","status":"publish","type":"post","link":"https:\/\/archivosonoro.com.ar\/wordpress\/?p=3712","title":{"rendered":"Ravaglia D: \u00abCuando los asesores de imagen son publicistas suceden estos errores\u00bb."},"content":{"rendered":"<p>M\u00e1s rechazos a la pregunta sobre Malvinas que plante\u00f3 el Intendente Sciurano para una consulta popular. Desde el gobierno provincial, el Secretario de Jefatura de Gabinete la calific\u00f3 de \u00abdemag\u00f3gica\u00bb resaltando que nadie puede dudar que quien nace en Malvinas \u00abes tan argentino como nosotros\u00bb.<br \/>\nDaniel Ravaglia dijo: \u00abcuando los asesores de imagen de un pol\u00edtico no son pol\u00edticos sino publicistas suceden estos errores pero r\u00e1pidamente, seguramente bien asesorado por estos publicistas, retir\u00f3 esta pregunta tratando de salvar este error que es grave\u00bb.<br \/>\nEn FM Ritual, el funcionario cuestion\u00f3 tambi\u00e9n la pregunta de la consulta referida a la Ley 648: \u00abno se puede poner a la poblaci\u00f3n a decidir sobre una cuesti\u00f3n que la tienen que definir los poderes del estado\u00bb.<\/p>\n","protected":false},"excerpt":{"rendered":"<p>M\u00e1s rechazos a la pregunta sobre Malvinas que plante\u00f3 el Intendente Sciurano para una consulta popular. Desde el gobierno provincial, el Secretario de Jefatura de Gabinete la calific\u00f3 de \u00abdemag\u00f3gica\u00bb resaltando que nadie puede dudar que quien nace en Malvinas \u00abes tan argentino como nosotros\u00bb. Daniel Ravaglia dijo: \u00abcuando los asesores de imagen de un [&hellip;]<\/p>\n","protected":false},"author":7,"featured_media":0,"comment_status":"open","ping_status":"open","sticky":false,"template":"","format":"standard","meta":{"footnotes":""},"categories":[542],"tags":[127,165,151],"class_list":["post-3712","post","type-post","status-publish","format-standard","hentry","category-fm-ritual","tag-malvinas","tag-ravaglia","tag-sciurano"],"_links":{"self":[{"href":"https:\/\/archivosonoro.com.ar\/wordpress\/index.php?rest_route=\/wp\/v2\/posts\/3712","targetHints":{"allow":["GET"]}}],"collection":[{"href":"https:\/\/archivosonoro.com.ar\/wordpress\/index.php?rest_route=\/wp\/v2\/posts"}],"about":[{"href":"https:\/\/archivosonoro.com.ar\/wordpress\/index.php?rest_route=\/wp\/v2\/types\/post"}],"author":[{"embeddable":true,"href":"https:\/\/archivosonoro.com.ar\/wordpress\/index.php?rest_route=\/wp\/v2\/users\/7"}],"replies":[{"embeddable":true,"href":"https:\/\/archivosonoro.com.ar\/wordpress\/index.php?rest_route=%2Fwp%2Fv2%2Fcomments&post=3712"}],"version-history":[{"count":1,"href":"https:\/\/archivosonoro.com.ar\/wordpress\/index.php?rest_route=\/wp\/v2\/posts\/3712\/revisions"}],"predecessor-version":[{"id":3713,"href":"https:\/\/archivosonoro.com.ar\/wordpress\/index.php?rest_route=\/wp\/v2\/posts\/3712\/revisions\/3713"}],"wp:attachment":[{"href":"https:\/\/archivosonoro.com.ar\/wordpress\/index.php?rest_route=%2Fwp%2Fv2%2Fmedia&parent=3712"}],"wp:term":[{"taxonomy":"category","embeddable":true,"href":"https:\/\/archivosonoro.com.ar\/wordpress\/index.php?rest_route=%2Fwp%2Fv2%2Fcategories&post=3712"},{"taxonomy":"post_tag","embeddable":true,"href":"https:\/\/archivosonoro.com.ar\/wordpress\/index.php?rest_route=%2Fwp%2Fv2%2Ftags&post=3712"}],"curies":[{"name":"wp","href":"https:\/\/api.w.org\/{rel}","templated":true}]}}