{"id":3710,"date":"2012-10-24T11:28:55","date_gmt":"2012-10-24T14:28:55","guid":{"rendered":"http:\/\/archivosonoro.com.ar\/?p=3710"},"modified":"2012-10-24T11:28:55","modified_gmt":"2012-10-24T14:28:55","slug":"barrientos-e-la-cuestion-malvinas-no-debe-ser-usada-para-ninguna-especulacion-politica","status":"publish","type":"post","link":"https:\/\/archivosonoro.com.ar\/wordpress\/?p=3710","title":{"rendered":"Barrientos E: \u00abLa cuesti\u00f3n Malvinas no debe ser usada para ninguna especulaci\u00f3n pol\u00edtica\u00bb."},"content":{"rendered":"<p>El Legislador y miembro del Observatorio Malvinas, Eduardo Barrientos, resumi\u00f3 la r\u00e1pida acci\u00f3n adoptada ayer tras la conferencia de prensa en la que el Intendente Federico Sciurano anunciara una consulta popular en la que preguntar\u00eda por el si o no a la nacionalidad argentina de los nacidos en Malvinas. Resaltando la vasta legislaci\u00f3n que deja perfectamente claro el tema, Barrientos dijo que una pregunta as\u00ed, \u00abes lo mismo que pensar que el intendente de R\u00edo Grande generase una consulta popular para consultarle a los ciudadanos que opinen si los nacidos en Tolhuin son argentinos y fueguinos, no tiene ning\u00fan tipo de asidero\u00bb.<br \/>\nEn FM Ritual, el legislador justicialista dijo que el municipio de Ushuaia no tiene ning\u00fan tipo de injerencia sobre la pol\u00edtica exterior de la Rep\u00fablica Argentina  ni sobre lo que determine la justicia respecto a la Ley 648 que son temas que propone el intendente en la consulta popular cuando la Carta Org\u00e1nica establece que este mecanismo se podr\u00e1 aplicar en cuestiones en las que tenga injerencia el municipio.<br \/>\nFinalmente, Barrientos habl\u00f3 de la reuni\u00f3n de la Comisi\u00f3n de Seguridad con el Secretario Facio y el Ministro Zanone. \u00abMuchas explicaciones no hay\u00bb, dijo aclarando que hay secreto de sumario en la investigaci\u00f3n de la fuga y critic\u00f3 la gesti\u00f3n de la gobernadora R\u00edos que lleva 5 a\u00f1os gobernando remarcando el fracaso en el \u00e1rea de la salud que se ha llevado a un estado lamentable.<\/p>\n","protected":false},"excerpt":{"rendered":"<p>El Legislador y miembro del Observatorio Malvinas, Eduardo Barrientos, resumi\u00f3 la r\u00e1pida acci\u00f3n adoptada ayer tras la conferencia de prensa en la que el Intendente Federico Sciurano anunciara una consulta popular en la que preguntar\u00eda por el si o no a la nacionalidad argentina de los nacidos en Malvinas. Resaltando la vasta legislaci\u00f3n que deja [&hellip;]<\/p>\n","protected":false},"author":7,"featured_media":0,"comment_status":"open","ping_status":"open","sticky":false,"template":"","format":"standard","meta":{"footnotes":""},"categories":[542],"tags":[69,652,127,151,167],"class_list":["post-3710","post","type-post","status-publish","format-standard","hentry","category-fm-ritual","tag-barrientos","tag-facio","tag-malvinas","tag-sciurano","tag-zanone"],"_links":{"self":[{"href":"https:\/\/archivosonoro.com.ar\/wordpress\/index.php?rest_route=\/wp\/v2\/posts\/3710","targetHints":{"allow":["GET"]}}],"collection":[{"href":"https:\/\/archivosonoro.com.ar\/wordpress\/index.php?rest_route=\/wp\/v2\/posts"}],"about":[{"href":"https:\/\/archivosonoro.com.ar\/wordpress\/index.php?rest_route=\/wp\/v2\/types\/post"}],"author":[{"embeddable":true,"href":"https:\/\/archivosonoro.com.ar\/wordpress\/index.php?rest_route=\/wp\/v2\/users\/7"}],"replies":[{"embeddable":true,"href":"https:\/\/archivosonoro.com.ar\/wordpress\/index.php?rest_route=%2Fwp%2Fv2%2Fcomments&post=3710"}],"version-history":[{"count":1,"href":"https:\/\/archivosonoro.com.ar\/wordpress\/index.php?rest_route=\/wp\/v2\/posts\/3710\/revisions"}],"predecessor-version":[{"id":3711,"href":"https:\/\/archivosonoro.com.ar\/wordpress\/index.php?rest_route=\/wp\/v2\/posts\/3710\/revisions\/3711"}],"wp:attachment":[{"href":"https:\/\/archivosonoro.com.ar\/wordpress\/index.php?rest_route=%2Fwp%2Fv2%2Fmedia&parent=3710"}],"wp:term":[{"taxonomy":"category","embeddable":true,"href":"https:\/\/archivosonoro.com.ar\/wordpress\/index.php?rest_route=%2Fwp%2Fv2%2Fcategories&post=3710"},{"taxonomy":"post_tag","embeddable":true,"href":"https:\/\/archivosonoro.com.ar\/wordpress\/index.php?rest_route=%2Fwp%2Fv2%2Ftags&post=3710"}],"curies":[{"name":"wp","href":"https:\/\/api.w.org\/{rel}","templated":true}]}}