{"id":3698,"date":"2012-10-23T11:39:38","date_gmt":"2012-10-23T14:39:38","guid":{"rendered":"http:\/\/archivosonoro.com.ar\/?p=3698"},"modified":"2012-10-23T11:39:38","modified_gmt":"2012-10-23T14:39:38","slug":"macri-c-este-decreto-no-es-lo-que-los-trabajadores-quieren-para-poder-trabajar-en-paz","status":"publish","type":"post","link":"https:\/\/archivosonoro.com.ar\/wordpress\/?p=3698","title":{"rendered":"Macri C: \u00abEste decreto no es lo que los trabajadores quieren para poder trabajar en paz\u00bb."},"content":{"rendered":"<p>El Secretario General de ATSA, Claudio Macri, relat\u00f3 que ayer al asistir a la audiencia con la Jueza Cristiano, se retiraba el Jefe de Gabinete del Gobierno y posteriormente, la magistrada los notific\u00f3 del aumento dispuesto por decreto que le acercara el funcionario.<br \/>\n\u00abEs obvio que no cay\u00f3 muy bien entre los compa\u00f1eros\u00bb, dijo y agreg\u00f3: \u00abeste decreto unilateral dispuesto por el gobierno no es la soluci\u00f3n al conflicto y no es lo que los trabajadores quieren para poder trabajar en paz y tranquilidad, los trabajadores dec\u00edan eso y los dirigentes lo que queremos es que de una buena vez por todas haya negociaci\u00f3n salarial y no imposici\u00f3n unilateral como hace este gobierno\u00bb, concluy\u00f3. <\/p>\n","protected":false},"excerpt":{"rendered":"<p>El Secretario General de ATSA, Claudio Macri, relat\u00f3 que ayer al asistir a la audiencia con la Jueza Cristiano, se retiraba el Jefe de Gabinete del Gobierno y posteriormente, la magistrada los notific\u00f3 del aumento dispuesto por decreto que le acercara el funcionario. \u00abEs obvio que no cay\u00f3 muy bien entre los compa\u00f1eros\u00bb, dijo y [&hellip;]<\/p>\n","protected":false},"author":7,"featured_media":0,"comment_status":"open","ping_status":"open","sticky":false,"template":"","format":"standard","meta":{"footnotes":""},"categories":[542],"tags":[479,117,922,863],"class_list":["post-3698","post","type-post","status-publish","format-standard","hentry","category-fm-ritual","tag-aramburu","tag-atsa","tag-cristiano","tag-macri"],"_links":{"self":[{"href":"https:\/\/archivosonoro.com.ar\/wordpress\/index.php?rest_route=\/wp\/v2\/posts\/3698","targetHints":{"allow":["GET"]}}],"collection":[{"href":"https:\/\/archivosonoro.com.ar\/wordpress\/index.php?rest_route=\/wp\/v2\/posts"}],"about":[{"href":"https:\/\/archivosonoro.com.ar\/wordpress\/index.php?rest_route=\/wp\/v2\/types\/post"}],"author":[{"embeddable":true,"href":"https:\/\/archivosonoro.com.ar\/wordpress\/index.php?rest_route=\/wp\/v2\/users\/7"}],"replies":[{"embeddable":true,"href":"https:\/\/archivosonoro.com.ar\/wordpress\/index.php?rest_route=%2Fwp%2Fv2%2Fcomments&post=3698"}],"version-history":[{"count":1,"href":"https:\/\/archivosonoro.com.ar\/wordpress\/index.php?rest_route=\/wp\/v2\/posts\/3698\/revisions"}],"predecessor-version":[{"id":3699,"href":"https:\/\/archivosonoro.com.ar\/wordpress\/index.php?rest_route=\/wp\/v2\/posts\/3698\/revisions\/3699"}],"wp:attachment":[{"href":"https:\/\/archivosonoro.com.ar\/wordpress\/index.php?rest_route=%2Fwp%2Fv2%2Fmedia&parent=3698"}],"wp:term":[{"taxonomy":"category","embeddable":true,"href":"https:\/\/archivosonoro.com.ar\/wordpress\/index.php?rest_route=%2Fwp%2Fv2%2Fcategories&post=3698"},{"taxonomy":"post_tag","embeddable":true,"href":"https:\/\/archivosonoro.com.ar\/wordpress\/index.php?rest_route=%2Fwp%2Fv2%2Ftags&post=3698"}],"curies":[{"name":"wp","href":"https:\/\/api.w.org\/{rel}","templated":true}]}}