{"id":3696,"date":"2012-10-23T11:23:05","date_gmt":"2012-10-23T14:23:05","guid":{"rendered":"http:\/\/archivosonoro.com.ar\/?p=3696"},"modified":"2012-10-23T11:23:05","modified_gmt":"2012-10-23T14:23:05","slug":"gimenez-f-si-no-se-escapan-los-asesinos-condenados-a-perpetua-hay-un-gobierno-que-los-indulta","status":"publish","type":"post","link":"https:\/\/archivosonoro.com.ar\/wordpress\/?p=3696","title":{"rendered":"Gimenez F: \u00abSi no se escapan los asesinos condenados a perpetua, hay un gobierno que los indulta\u00bb."},"content":{"rendered":"<p>\u00abEsto pareciera ser un golpe al sistema de justicia de Tierra del Fuego, sin contar lo que deben sentir los familiares de las v\u00edctimas, la indignaci\u00f3n que esto produce\u00bb, opin\u00f3 Francisco Gimenez sobre las conmutaciones de pena decididas por la gobernadora R\u00edos. En di\u00e1logo con FM Ritual, el Presidente del Colegio de Abogados de R\u00edo Grande deslind\u00f3 responsabilidad en este sentido del Superior Tribunal de Justicia por haber dado el visto bueno a los indultos: \u00abno es as\u00ed, ac\u00e1 la \u00fanica responsable y que tiene la facultad constitucional es la gobernadora. Solamente se le pregunta al Superior Tribunal de Justicia si esta persona ha cumplido con los reglamentos carcelarios, si dice si, la gobernadora no est\u00e1 en la obligaci\u00f3n de conmutar o indultar, o sea, el que pone en marcha el mecanismo de la conmutaci\u00f3n o el indulto es la gobernadora y esto produce una fuerte indignaci\u00f3n\u00bb.<br \/>\nRespecto de la fuga de los presos de R\u00edo Grande y la captura en Chile, Gimenez reflexion\u00f3: \u00aba uno le llama la atenci\u00f3n que no haya renunciado nadie, pero si tenemos una gobernadora que si no se escapan los asesinos condenados a perpetua hay un gobierno que los indulta, estamos en problemas y lo que habr\u00eda que investigar es si esto no es una especie de fuga consensuada despu\u00e9s de lo que pas\u00f3 con la condena de los penitenciarios por torturas\u00bb.<\/p>\n","protected":false},"excerpt":{"rendered":"<p>\u00abEsto pareciera ser un golpe al sistema de justicia de Tierra del Fuego, sin contar lo que deben sentir los familiares de las v\u00edctimas, la indignaci\u00f3n que esto produce\u00bb, opin\u00f3 Francisco Gimenez sobre las conmutaciones de pena decididas por la gobernadora R\u00edos. En di\u00e1logo con FM Ritual, el Presidente del Colegio de Abogados de R\u00edo [&hellip;]<\/p>\n","protected":false},"author":7,"featured_media":0,"comment_status":"open","ping_status":"open","sticky":false,"template":"","format":"standard","meta":{"footnotes":""},"categories":[542],"tags":[335,33],"class_list":["post-3696","post","type-post","status-publish","format-standard","hentry","category-fm-ritual","tag-gimenez","tag-rios"],"_links":{"self":[{"href":"https:\/\/archivosonoro.com.ar\/wordpress\/index.php?rest_route=\/wp\/v2\/posts\/3696","targetHints":{"allow":["GET"]}}],"collection":[{"href":"https:\/\/archivosonoro.com.ar\/wordpress\/index.php?rest_route=\/wp\/v2\/posts"}],"about":[{"href":"https:\/\/archivosonoro.com.ar\/wordpress\/index.php?rest_route=\/wp\/v2\/types\/post"}],"author":[{"embeddable":true,"href":"https:\/\/archivosonoro.com.ar\/wordpress\/index.php?rest_route=\/wp\/v2\/users\/7"}],"replies":[{"embeddable":true,"href":"https:\/\/archivosonoro.com.ar\/wordpress\/index.php?rest_route=%2Fwp%2Fv2%2Fcomments&post=3696"}],"version-history":[{"count":1,"href":"https:\/\/archivosonoro.com.ar\/wordpress\/index.php?rest_route=\/wp\/v2\/posts\/3696\/revisions"}],"predecessor-version":[{"id":3697,"href":"https:\/\/archivosonoro.com.ar\/wordpress\/index.php?rest_route=\/wp\/v2\/posts\/3696\/revisions\/3697"}],"wp:attachment":[{"href":"https:\/\/archivosonoro.com.ar\/wordpress\/index.php?rest_route=%2Fwp%2Fv2%2Fmedia&parent=3696"}],"wp:term":[{"taxonomy":"category","embeddable":true,"href":"https:\/\/archivosonoro.com.ar\/wordpress\/index.php?rest_route=%2Fwp%2Fv2%2Fcategories&post=3696"},{"taxonomy":"post_tag","embeddable":true,"href":"https:\/\/archivosonoro.com.ar\/wordpress\/index.php?rest_route=%2Fwp%2Fv2%2Ftags&post=3696"}],"curies":[{"name":"wp","href":"https:\/\/api.w.org\/{rel}","templated":true}]}}