{"id":3678,"date":"2012-10-22T10:33:29","date_gmt":"2012-10-22T13:33:29","guid":{"rendered":"http:\/\/archivosonoro.com.ar\/?p=3678"},"modified":"2012-10-22T10:33:29","modified_gmt":"2012-10-22T13:33:29","slug":"moyano-m-no-hay-expectativas-muy-alentadoras","status":"publish","type":"post","link":"https:\/\/archivosonoro.com.ar\/wordpress\/?p=3678","title":{"rendered":"Moyano M: \u00abno hay expectativas muy alentadoras\u00bb."},"content":{"rendered":"<p>Desde el SUEF, M\u00f3nica Moyano dijo que no hay expectativas muy alentadoras de la reuni\u00f3n que se mantendr\u00e1 hoy con la Jueza Cristiano y resalt\u00f3 que cada vez hay menos recursos humanos y neonatolog\u00eda se quedar\u00e1 sin m\u00e9dicos. En declaraciones a FM Ritual opin\u00f3 que el aumento que se quiere dar a las guardias es irrisorio y que la mejora salarial que se pretende tiende a poder contar con mayor cantidad de profesionales. Tambi\u00e9n, dijo desconocer que vaya a haber una renuncia masiva de enfermeros aunque admiti\u00f3 que podr\u00eda pasar en el sector m\u00e9dico.<\/p>\n","protected":false},"excerpt":{"rendered":"<p>Desde el SUEF, M\u00f3nica Moyano dijo que no hay expectativas muy alentadoras de la reuni\u00f3n que se mantendr\u00e1 hoy con la Jueza Cristiano y resalt\u00f3 que cada vez hay menos recursos humanos y neonatolog\u00eda se quedar\u00e1 sin m\u00e9dicos. En declaraciones a FM Ritual opin\u00f3 que el aumento que se quiere dar a las guardias es [&hellip;]<\/p>\n","protected":false},"author":7,"featured_media":0,"comment_status":"open","ping_status":"open","sticky":false,"template":"","format":"standard","meta":{"footnotes":""},"categories":[542],"tags":[186,949],"class_list":["post-3678","post","type-post","status-publish","format-standard","hentry","category-fm-ritual","tag-moyano","tag-suef"],"_links":{"self":[{"href":"https:\/\/archivosonoro.com.ar\/wordpress\/index.php?rest_route=\/wp\/v2\/posts\/3678","targetHints":{"allow":["GET"]}}],"collection":[{"href":"https:\/\/archivosonoro.com.ar\/wordpress\/index.php?rest_route=\/wp\/v2\/posts"}],"about":[{"href":"https:\/\/archivosonoro.com.ar\/wordpress\/index.php?rest_route=\/wp\/v2\/types\/post"}],"author":[{"embeddable":true,"href":"https:\/\/archivosonoro.com.ar\/wordpress\/index.php?rest_route=\/wp\/v2\/users\/7"}],"replies":[{"embeddable":true,"href":"https:\/\/archivosonoro.com.ar\/wordpress\/index.php?rest_route=%2Fwp%2Fv2%2Fcomments&post=3678"}],"version-history":[{"count":1,"href":"https:\/\/archivosonoro.com.ar\/wordpress\/index.php?rest_route=\/wp\/v2\/posts\/3678\/revisions"}],"predecessor-version":[{"id":3679,"href":"https:\/\/archivosonoro.com.ar\/wordpress\/index.php?rest_route=\/wp\/v2\/posts\/3678\/revisions\/3679"}],"wp:attachment":[{"href":"https:\/\/archivosonoro.com.ar\/wordpress\/index.php?rest_route=%2Fwp%2Fv2%2Fmedia&parent=3678"}],"wp:term":[{"taxonomy":"category","embeddable":true,"href":"https:\/\/archivosonoro.com.ar\/wordpress\/index.php?rest_route=%2Fwp%2Fv2%2Fcategories&post=3678"},{"taxonomy":"post_tag","embeddable":true,"href":"https:\/\/archivosonoro.com.ar\/wordpress\/index.php?rest_route=%2Fwp%2Fv2%2Ftags&post=3678"}],"curies":[{"name":"wp","href":"https:\/\/api.w.org\/{rel}","templated":true}]}}