{"id":3659,"date":"2012-10-21T15:00:58","date_gmt":"2012-10-21T18:00:58","guid":{"rendered":"http:\/\/archivosonoro.com.ar\/?p=3659"},"modified":"2012-10-21T15:00:58","modified_gmt":"2012-10-21T18:00:58","slug":"nogar-o-estado-de-las-renegociaciones-con-las-petroleras","status":"publish","type":"post","link":"https:\/\/archivosonoro.com.ar\/wordpress\/?p=3659","title":{"rendered":"Nogar O: Estado de las renegociaciones con las petroleras."},"content":{"rendered":"<p>El Secretario de Hidrocarburos de la provincia dio cuenta del estado de las renegociaciones de los contratos con las empresas petroleras. Se\u00f1al\u00f3 que en el caso de Roch se encuentra el texto en la Legislatura para su an\u00e1lisis y que la parte t\u00e9cnica de la Secretar\u00eda no ha sido convocada para ning\u00fan requerimiento. De Total, confirm\u00f3 que se est\u00e1 nombrando la comisi\u00f3n que va a tener a cargo la extensi\u00f3n de la concesi\u00f3n y de Apache dijo que se ha concluido la tratativa pero que el 30% de la operatoria de la empresa es de YPF y est\u00e1 evaluando si est\u00e1n de acuerdo con lo que se acord\u00f3 con la provincia.<br \/>\nEntrevistado en FM Ritual, Omar Nogar asegur\u00f3 no haber tenido ninguna situaci\u00f3n que tenga que ver con el Decreto 1277 aunque aclar\u00f3 que a partir de este decreto las empresas tienen que presentar a Naci\u00f3n el plan de inversiones.<\/p>\n","protected":false},"excerpt":{"rendered":"<p>El Secretario de Hidrocarburos de la provincia dio cuenta del estado de las renegociaciones de los contratos con las empresas petroleras. Se\u00f1al\u00f3 que en el caso de Roch se encuentra el texto en la Legislatura para su an\u00e1lisis y que la parte t\u00e9cnica de la Secretar\u00eda no ha sido convocada para ning\u00fan requerimiento. De Total, [&hellip;]<\/p>\n","protected":false},"author":7,"featured_media":0,"comment_status":"open","ping_status":"open","sticky":false,"template":"","format":"standard","meta":{"footnotes":""},"categories":[542],"tags":[178,64,760,766,225],"class_list":["post-3659","post","type-post","status-publish","format-standard","hentry","category-fm-ritual","tag-apache","tag-nogar","tag-roch","tag-total","tag-ypf"],"_links":{"self":[{"href":"https:\/\/archivosonoro.com.ar\/wordpress\/index.php?rest_route=\/wp\/v2\/posts\/3659","targetHints":{"allow":["GET"]}}],"collection":[{"href":"https:\/\/archivosonoro.com.ar\/wordpress\/index.php?rest_route=\/wp\/v2\/posts"}],"about":[{"href":"https:\/\/archivosonoro.com.ar\/wordpress\/index.php?rest_route=\/wp\/v2\/types\/post"}],"author":[{"embeddable":true,"href":"https:\/\/archivosonoro.com.ar\/wordpress\/index.php?rest_route=\/wp\/v2\/users\/7"}],"replies":[{"embeddable":true,"href":"https:\/\/archivosonoro.com.ar\/wordpress\/index.php?rest_route=%2Fwp%2Fv2%2Fcomments&post=3659"}],"version-history":[{"count":1,"href":"https:\/\/archivosonoro.com.ar\/wordpress\/index.php?rest_route=\/wp\/v2\/posts\/3659\/revisions"}],"predecessor-version":[{"id":3660,"href":"https:\/\/archivosonoro.com.ar\/wordpress\/index.php?rest_route=\/wp\/v2\/posts\/3659\/revisions\/3660"}],"wp:attachment":[{"href":"https:\/\/archivosonoro.com.ar\/wordpress\/index.php?rest_route=%2Fwp%2Fv2%2Fmedia&parent=3659"}],"wp:term":[{"taxonomy":"category","embeddable":true,"href":"https:\/\/archivosonoro.com.ar\/wordpress\/index.php?rest_route=%2Fwp%2Fv2%2Fcategories&post=3659"},{"taxonomy":"post_tag","embeddable":true,"href":"https:\/\/archivosonoro.com.ar\/wordpress\/index.php?rest_route=%2Fwp%2Fv2%2Ftags&post=3659"}],"curies":[{"name":"wp","href":"https:\/\/api.w.org\/{rel}","templated":true}]}}