{"id":3627,"date":"2012-10-18T12:35:42","date_gmt":"2012-10-18T15:35:42","guid":{"rendered":"http:\/\/archivosonoro.com.ar\/?p=3627"},"modified":"2012-10-18T12:35:42","modified_gmt":"2012-10-18T15:35:42","slug":"presupuesto-2013-el-ministro-de-economia-expuso-en-la-comision-n2","status":"publish","type":"post","link":"https:\/\/archivosonoro.com.ar\/wordpress\/?p=3627","title":{"rendered":"Presupuesto 2013. El Ministro de Econom\u00eda expuso en la Comisi\u00f3n N\u00b02."},"content":{"rendered":"<p>El Ministro de Econom\u00eda asegur\u00f3 que no se piensa hacer ning\u00fan tipo de modificaci\u00f3n al presupuesto 2013 tras conocerse los n\u00fameros proyectados por naci\u00f3n para el pr\u00f3ximo a\u00f1o ya que se entiende que las estimaciones est\u00e1n correctas. Reafirm\u00f3 la necesidad de la reforma tarifaria al igual que se hizo en varias provincias del pa\u00eds para contar con mayores recursos propios. Tras la exposici\u00f3n ante la Comisi\u00f3n N\u00b02 de la legislatura provincial, Cristian Ruiz respondi\u00f3 en FM Ritual que el sueldo de un polic\u00eda y de un maestro tambi\u00e9n es prestar un servicio.<br \/>\nFinalmente, respondi\u00f3 sobre los contratos petroleros y confirm\u00f3 que no se incorporaron al presupuesto \u00abnada de la renegociaci\u00f3n de contratos\u00bb<\/p>\n","protected":false},"excerpt":{"rendered":"<p>El Ministro de Econom\u00eda asegur\u00f3 que no se piensa hacer ning\u00fan tipo de modificaci\u00f3n al presupuesto 2013 tras conocerse los n\u00fameros proyectados por naci\u00f3n para el pr\u00f3ximo a\u00f1o ya que se entiende que las estimaciones est\u00e1n correctas. Reafirm\u00f3 la necesidad de la reforma tarifaria al igual que se hizo en varias provincias del pa\u00eds para [&hellip;]<\/p>\n","protected":false},"author":7,"featured_media":0,"comment_status":"open","ping_status":"open","sticky":false,"template":"","format":"standard","meta":{"footnotes":""},"categories":[542],"tags":[874,239],"class_list":["post-3627","post","type-post","status-publish","format-standard","hentry","category-fm-ritual","tag-presupuesto-2013","tag-ruiz"],"_links":{"self":[{"href":"https:\/\/archivosonoro.com.ar\/wordpress\/index.php?rest_route=\/wp\/v2\/posts\/3627","targetHints":{"allow":["GET"]}}],"collection":[{"href":"https:\/\/archivosonoro.com.ar\/wordpress\/index.php?rest_route=\/wp\/v2\/posts"}],"about":[{"href":"https:\/\/archivosonoro.com.ar\/wordpress\/index.php?rest_route=\/wp\/v2\/types\/post"}],"author":[{"embeddable":true,"href":"https:\/\/archivosonoro.com.ar\/wordpress\/index.php?rest_route=\/wp\/v2\/users\/7"}],"replies":[{"embeddable":true,"href":"https:\/\/archivosonoro.com.ar\/wordpress\/index.php?rest_route=%2Fwp%2Fv2%2Fcomments&post=3627"}],"version-history":[{"count":1,"href":"https:\/\/archivosonoro.com.ar\/wordpress\/index.php?rest_route=\/wp\/v2\/posts\/3627\/revisions"}],"predecessor-version":[{"id":3628,"href":"https:\/\/archivosonoro.com.ar\/wordpress\/index.php?rest_route=\/wp\/v2\/posts\/3627\/revisions\/3628"}],"wp:attachment":[{"href":"https:\/\/archivosonoro.com.ar\/wordpress\/index.php?rest_route=%2Fwp%2Fv2%2Fmedia&parent=3627"}],"wp:term":[{"taxonomy":"category","embeddable":true,"href":"https:\/\/archivosonoro.com.ar\/wordpress\/index.php?rest_route=%2Fwp%2Fv2%2Fcategories&post=3627"},{"taxonomy":"post_tag","embeddable":true,"href":"https:\/\/archivosonoro.com.ar\/wordpress\/index.php?rest_route=%2Fwp%2Fv2%2Ftags&post=3627"}],"curies":[{"name":"wp","href":"https:\/\/api.w.org\/{rel}","templated":true}]}}