{"id":3599,"date":"2012-10-16T11:29:34","date_gmt":"2012-10-16T14:29:34","guid":{"rendered":"http:\/\/archivosonoro.com.ar\/?p=3599"},"modified":"2012-10-16T11:29:34","modified_gmt":"2012-10-16T14:29:34","slug":"barrientos-e-el-pj-conmemora-el-dia-de-la-lealtad-con-dos-actos-en-rio-grande","status":"publish","type":"post","link":"https:\/\/archivosonoro.com.ar\/wordpress\/?p=3599","title":{"rendered":"Barrientos E:  EL PJ conmemora el D\u00eda de la Lealtad con dos actos en R\u00edo Grande."},"content":{"rendered":"<p>Eduardo Barrientos comprometi\u00f3 su presencia en el acto que la Juventud Peronista organiza para ma\u00f1ana en el Club Sportivo de Rio Grande: \u00abun grupo de compa\u00f1eros de la JP viene trabajando hace m\u00e1s de dos meses en la organizaci\u00f3n del acto que se va a realizar en el Club Sportivo. Son todos compa\u00f1eros de distintas agrupaciones de la JP y ya tengo comprometida mi palabra para concurrir con los compa\u00f1eros de Ushuaia a ese acto que iba a ser el acto oficial del PJ por el D\u00eda de la Lealtad\u00bb.<br \/>\nEn FM Ritual resalt\u00f3 el trabajo de los j\u00f3venes; dijo que es muy auspicioso que sean ellos los encargados de la organizaci\u00f3n de un acto como el del 17 de octubre y afirm\u00f3 \u00abes una pena\u00bb que haya un acto paralelo organizado por los referentes hist\u00f3ricos Manfredotti, C\u00f3ccaro y el Sindicato de Camioneros.<\/p>\n","protected":false},"excerpt":{"rendered":"<p>Eduardo Barrientos comprometi\u00f3 su presencia en el acto que la Juventud Peronista organiza para ma\u00f1ana en el Club Sportivo de Rio Grande: \u00abun grupo de compa\u00f1eros de la JP viene trabajando hace m\u00e1s de dos meses en la organizaci\u00f3n del acto que se va a realizar en el Club Sportivo. Son todos compa\u00f1eros de distintas [&hellip;]<\/p>\n","protected":false},"author":7,"featured_media":0,"comment_status":"open","ping_status":"open","sticky":false,"template":"","format":"standard","meta":{"footnotes":""},"categories":[542],"tags":[69,560,62],"class_list":["post-3599","post","type-post","status-publish","format-standard","hentry","category-fm-ritual","tag-barrientos","tag-coccaro","tag-manfredotti"],"_links":{"self":[{"href":"https:\/\/archivosonoro.com.ar\/wordpress\/index.php?rest_route=\/wp\/v2\/posts\/3599","targetHints":{"allow":["GET"]}}],"collection":[{"href":"https:\/\/archivosonoro.com.ar\/wordpress\/index.php?rest_route=\/wp\/v2\/posts"}],"about":[{"href":"https:\/\/archivosonoro.com.ar\/wordpress\/index.php?rest_route=\/wp\/v2\/types\/post"}],"author":[{"embeddable":true,"href":"https:\/\/archivosonoro.com.ar\/wordpress\/index.php?rest_route=\/wp\/v2\/users\/7"}],"replies":[{"embeddable":true,"href":"https:\/\/archivosonoro.com.ar\/wordpress\/index.php?rest_route=%2Fwp%2Fv2%2Fcomments&post=3599"}],"version-history":[{"count":1,"href":"https:\/\/archivosonoro.com.ar\/wordpress\/index.php?rest_route=\/wp\/v2\/posts\/3599\/revisions"}],"predecessor-version":[{"id":3600,"href":"https:\/\/archivosonoro.com.ar\/wordpress\/index.php?rest_route=\/wp\/v2\/posts\/3599\/revisions\/3600"}],"wp:attachment":[{"href":"https:\/\/archivosonoro.com.ar\/wordpress\/index.php?rest_route=%2Fwp%2Fv2%2Fmedia&parent=3599"}],"wp:term":[{"taxonomy":"category","embeddable":true,"href":"https:\/\/archivosonoro.com.ar\/wordpress\/index.php?rest_route=%2Fwp%2Fv2%2Fcategories&post=3599"},{"taxonomy":"post_tag","embeddable":true,"href":"https:\/\/archivosonoro.com.ar\/wordpress\/index.php?rest_route=%2Fwp%2Fv2%2Ftags&post=3599"}],"curies":[{"name":"wp","href":"https:\/\/api.w.org\/{rel}","templated":true}]}}