{"id":3590,"date":"2012-10-16T01:17:48","date_gmt":"2012-10-16T04:17:48","guid":{"rendered":"http:\/\/archivosonoro.com.ar\/?p=3590"},"modified":"2012-10-16T01:17:48","modified_gmt":"2012-10-16T04:17:48","slug":"blanco-p-comienza-el-analisis-del-presupuesto-2013","status":"publish","type":"post","link":"https:\/\/archivosonoro.com.ar\/wordpress\/?p=3590","title":{"rendered":"Blanco P: Comienza el an\u00e1lisis del presupuesto 2013."},"content":{"rendered":"<p>Pablo Blanco habl\u00f3 en FM Ritual de \u00ablos sistem\u00e1ticos ataques\u00bb que sufre la Ley 19640: \u00abpor supuesto que el r\u00e9gimen de promoci\u00f3n en Tierra del Fuego est\u00e1 visto con cierta envidia en el pa\u00eds\u00bb, se\u00f1al\u00f3 en FM Ritual admitiendo que es un tema pendiente el de la efectivizaci\u00f3n de las fuentes laborales.<br \/>\nEl legislador radical y Presidente de la Comisi\u00f3n de Econom\u00eda y Presupuesto confirm\u00f3 la citaci\u00f3n de los Ministros de econom\u00eda y gabinete para este mi\u00e9rcoles y as\u00ed iniciar el an\u00e1lisis del presupuesto 2013 y al igual que su par, Laura Rojo, dijo que solicitar\u00e1 explicaciones sobre las horas c\u00e1tedra que solicita educaci\u00f3n: \u00abesperamos en esta oportunidad tener un pormenorizado detalle en que se utilizan las hora c\u00e1tedra\u00bb, dijo.<\/p>\n","protected":false},"excerpt":{"rendered":"<p>Pablo Blanco habl\u00f3 en FM Ritual de \u00ablos sistem\u00e1ticos ataques\u00bb que sufre la Ley 19640: \u00abpor supuesto que el r\u00e9gimen de promoci\u00f3n en Tierra del Fuego est\u00e1 visto con cierta envidia en el pa\u00eds\u00bb, se\u00f1al\u00f3 en FM Ritual admitiendo que es un tema pendiente el de la efectivizaci\u00f3n de las fuentes laborales. El legislador radical [&hellip;]<\/p>\n","protected":false},"author":7,"featured_media":0,"comment_status":"open","ping_status":"open","sticky":false,"template":"","format":"standard","meta":{"footnotes":""},"categories":[542],"tags":[68,37,87],"class_list":["post-3590","post","type-post","status-publish","format-standard","hentry","category-fm-ritual","tag-blanco","tag-rojo","tag-ucr"],"_links":{"self":[{"href":"https:\/\/archivosonoro.com.ar\/wordpress\/index.php?rest_route=\/wp\/v2\/posts\/3590","targetHints":{"allow":["GET"]}}],"collection":[{"href":"https:\/\/archivosonoro.com.ar\/wordpress\/index.php?rest_route=\/wp\/v2\/posts"}],"about":[{"href":"https:\/\/archivosonoro.com.ar\/wordpress\/index.php?rest_route=\/wp\/v2\/types\/post"}],"author":[{"embeddable":true,"href":"https:\/\/archivosonoro.com.ar\/wordpress\/index.php?rest_route=\/wp\/v2\/users\/7"}],"replies":[{"embeddable":true,"href":"https:\/\/archivosonoro.com.ar\/wordpress\/index.php?rest_route=%2Fwp%2Fv2%2Fcomments&post=3590"}],"version-history":[{"count":1,"href":"https:\/\/archivosonoro.com.ar\/wordpress\/index.php?rest_route=\/wp\/v2\/posts\/3590\/revisions"}],"predecessor-version":[{"id":3591,"href":"https:\/\/archivosonoro.com.ar\/wordpress\/index.php?rest_route=\/wp\/v2\/posts\/3590\/revisions\/3591"}],"wp:attachment":[{"href":"https:\/\/archivosonoro.com.ar\/wordpress\/index.php?rest_route=%2Fwp%2Fv2%2Fmedia&parent=3590"}],"wp:term":[{"taxonomy":"category","embeddable":true,"href":"https:\/\/archivosonoro.com.ar\/wordpress\/index.php?rest_route=%2Fwp%2Fv2%2Fcategories&post=3590"},{"taxonomy":"post_tag","embeddable":true,"href":"https:\/\/archivosonoro.com.ar\/wordpress\/index.php?rest_route=%2Fwp%2Fv2%2Ftags&post=3590"}],"curies":[{"name":"wp","href":"https:\/\/api.w.org\/{rel}","templated":true}]}}