{"id":3588,"date":"2012-10-16T01:03:37","date_gmt":"2012-10-16T04:03:37","guid":{"rendered":"http:\/\/archivosonoro.com.ar\/?p=3588"},"modified":"2012-10-16T02:04:02","modified_gmt":"2012-10-16T05:04:02","slug":"rojo-l-presupuesto-2013-cuestiono-las-horas-catedras-calculadas-para-educacion","status":"publish","type":"post","link":"https:\/\/archivosonoro.com.ar\/wordpress\/?p=3588","title":{"rendered":"Rojo L: Presupuesto 2013: Cuestion\u00f3 las horas c\u00e1tedra calculadas para educaci\u00f3n."},"content":{"rendered":"<p>Hoy se re\u00fane la Comisi\u00f3n de Econom\u00eda de la legislatura para comenzar el an\u00e1lisis de la tarifaria y el presupuesto para lo que hay citados varios funcionarios y representantes de sectores que ya acudieron pero no pudieron acordar.<br \/>\nDesde el Partido Popular Provincial, Laura Rojo dijo en FM Ritual estar preocupada por la coparticipaci\u00f3n nacional: \u00ablo que me preocupa es lo que falta, un peque\u00f1o d\u00e9ficit, c\u00f3mo se va a financiar\u00bb y a\u00f1adi\u00f3 que otro punto cuestionable son las horas c\u00e1tedra calculadas para educaci\u00f3n.<br \/>\nFinalmente, Rojo opin\u00f3 sobre las declaraciones de la Ministra D\u00e9bora Giorgi relacionadas al costo que implica mantener el r\u00e9gimen de promoci\u00f3n econ\u00f3mica de Tierra del Fuego y en este sentido advirti\u00f3 que los empresarios y comerciantes no cumplen con la inversi\u00f3n y la estabilidad laboral que marca la Ley 19640.<\/p>\n","protected":false},"excerpt":{"rendered":"<p>Hoy se re\u00fane la Comisi\u00f3n de Econom\u00eda de la legislatura para comenzar el an\u00e1lisis de la tarifaria y el presupuesto para lo que hay citados varios funcionarios y representantes de sectores que ya acudieron pero no pudieron acordar. Desde el Partido Popular Provincial, Laura Rojo dijo en FM Ritual estar preocupada por la coparticipaci\u00f3n nacional: [&hellip;]<\/p>\n","protected":false},"author":7,"featured_media":0,"comment_status":"open","ping_status":"open","sticky":false,"template":"","format":"standard","meta":{"footnotes":""},"categories":[542],"tags":[345,37],"class_list":["post-3588","post","type-post","status-publish","format-standard","hentry","category-fm-ritual","tag-giorgi","tag-rojo"],"_links":{"self":[{"href":"https:\/\/archivosonoro.com.ar\/wordpress\/index.php?rest_route=\/wp\/v2\/posts\/3588","targetHints":{"allow":["GET"]}}],"collection":[{"href":"https:\/\/archivosonoro.com.ar\/wordpress\/index.php?rest_route=\/wp\/v2\/posts"}],"about":[{"href":"https:\/\/archivosonoro.com.ar\/wordpress\/index.php?rest_route=\/wp\/v2\/types\/post"}],"author":[{"embeddable":true,"href":"https:\/\/archivosonoro.com.ar\/wordpress\/index.php?rest_route=\/wp\/v2\/users\/7"}],"replies":[{"embeddable":true,"href":"https:\/\/archivosonoro.com.ar\/wordpress\/index.php?rest_route=%2Fwp%2Fv2%2Fcomments&post=3588"}],"version-history":[{"count":2,"href":"https:\/\/archivosonoro.com.ar\/wordpress\/index.php?rest_route=\/wp\/v2\/posts\/3588\/revisions"}],"predecessor-version":[{"id":3596,"href":"https:\/\/archivosonoro.com.ar\/wordpress\/index.php?rest_route=\/wp\/v2\/posts\/3588\/revisions\/3596"}],"wp:attachment":[{"href":"https:\/\/archivosonoro.com.ar\/wordpress\/index.php?rest_route=%2Fwp%2Fv2%2Fmedia&parent=3588"}],"wp:term":[{"taxonomy":"category","embeddable":true,"href":"https:\/\/archivosonoro.com.ar\/wordpress\/index.php?rest_route=%2Fwp%2Fv2%2Fcategories&post=3588"},{"taxonomy":"post_tag","embeddable":true,"href":"https:\/\/archivosonoro.com.ar\/wordpress\/index.php?rest_route=%2Fwp%2Fv2%2Ftags&post=3588"}],"curies":[{"name":"wp","href":"https:\/\/api.w.org\/{rel}","templated":true}]}}