{"id":3547,"date":"2012-10-11T12:08:51","date_gmt":"2012-10-11T15:08:51","guid":{"rendered":"http:\/\/archivosonoro.com.ar\/?p=3547"},"modified":"2012-10-11T12:08:51","modified_gmt":"2012-10-11T15:08:51","slug":"andrade-c-reclamo-que-la-gobernadora-sea-la-que-se-reuna-con-los-sectores-de-la-salud","status":"publish","type":"post","link":"https:\/\/archivosonoro.com.ar\/wordpress\/?p=3547","title":{"rendered":"Andrade C: reclam\u00f3 que la gobernadora sea la que se re\u00fana con los sectores de la salud."},"content":{"rendered":"<p>Claudia Andrade, presidenta de la Comisi\u00f3n de Salud de la legislatura provincial, habl\u00f3 de la situaci\u00f3n del sector y dijo que est\u00e1n dispuestos a brindar las herramientas que necesite el ejecutivo para contribuir a la posibilidad de brindar un servicio acorde a la necesidad de la poblaci\u00f3n.<br \/>\nEn FM Ritual defendi\u00f3 el proyecto para arancelar las atenciones en los hospitales y reclam\u00f3 que la gobernadora se re\u00fana con todos los sectores involucrados porque \u00abes la \u00fanica persona que tiene hoy la voz fuerte para hablar con todos los sectores\u00bb.<\/p>\n","protected":false},"excerpt":{"rendered":"<p>Claudia Andrade, presidenta de la Comisi\u00f3n de Salud de la legislatura provincial, habl\u00f3 de la situaci\u00f3n del sector y dijo que est\u00e1n dispuestos a brindar las herramientas que necesite el ejecutivo para contribuir a la posibilidad de brindar un servicio acorde a la necesidad de la poblaci\u00f3n. En FM Ritual defendi\u00f3 el proyecto para arancelar [&hellip;]<\/p>\n","protected":false},"author":7,"featured_media":0,"comment_status":"open","ping_status":"open","sticky":false,"template":"","format":"standard","meta":{"footnotes":""},"categories":[542],"tags":[578],"class_list":["post-3547","post","type-post","status-publish","format-standard","hentry","category-fm-ritual","tag-andrade"],"_links":{"self":[{"href":"https:\/\/archivosonoro.com.ar\/wordpress\/index.php?rest_route=\/wp\/v2\/posts\/3547","targetHints":{"allow":["GET"]}}],"collection":[{"href":"https:\/\/archivosonoro.com.ar\/wordpress\/index.php?rest_route=\/wp\/v2\/posts"}],"about":[{"href":"https:\/\/archivosonoro.com.ar\/wordpress\/index.php?rest_route=\/wp\/v2\/types\/post"}],"author":[{"embeddable":true,"href":"https:\/\/archivosonoro.com.ar\/wordpress\/index.php?rest_route=\/wp\/v2\/users\/7"}],"replies":[{"embeddable":true,"href":"https:\/\/archivosonoro.com.ar\/wordpress\/index.php?rest_route=%2Fwp%2Fv2%2Fcomments&post=3547"}],"version-history":[{"count":1,"href":"https:\/\/archivosonoro.com.ar\/wordpress\/index.php?rest_route=\/wp\/v2\/posts\/3547\/revisions"}],"predecessor-version":[{"id":3548,"href":"https:\/\/archivosonoro.com.ar\/wordpress\/index.php?rest_route=\/wp\/v2\/posts\/3547\/revisions\/3548"}],"wp:attachment":[{"href":"https:\/\/archivosonoro.com.ar\/wordpress\/index.php?rest_route=%2Fwp%2Fv2%2Fmedia&parent=3547"}],"wp:term":[{"taxonomy":"category","embeddable":true,"href":"https:\/\/archivosonoro.com.ar\/wordpress\/index.php?rest_route=%2Fwp%2Fv2%2Fcategories&post=3547"},{"taxonomy":"post_tag","embeddable":true,"href":"https:\/\/archivosonoro.com.ar\/wordpress\/index.php?rest_route=%2Fwp%2Fv2%2Ftags&post=3547"}],"curies":[{"name":"wp","href":"https:\/\/api.w.org\/{rel}","templated":true}]}}