{"id":3517,"date":"2012-10-09T12:12:50","date_gmt":"2012-10-09T15:12:50","guid":{"rendered":"http:\/\/archivosonoro.com.ar\/?p=3517"},"modified":"2012-10-09T12:12:50","modified_gmt":"2012-10-09T15:12:50","slug":"cordoba-m-queremos-salud-digna-para-nuestros-trabajadores-y-no-voy-a-claudicar-en-eso","status":"publish","type":"post","link":"https:\/\/archivosonoro.com.ar\/wordpress\/?p=3517","title":{"rendered":"C\u00f3rdoba M: \u00abQueremos salud digna para nuestros trabajadores y no voy a claudicar en eso\u00bb"},"content":{"rendered":"<p>Marcelo C\u00f3rdoba asegur\u00f3 que no existi\u00f3 notificaci\u00f3n oficial ni llamada telef\u00f3nica a ninguno de los dirigentes por parte del gobierno para confirmar la audiencia del s\u00e1bado a la ma\u00f1ana y dijo que la difusi\u00f3n de la falta del sindicato a la reuni\u00f3n:\u00bbla tomo como una chicana m\u00e1s\u00bb.<br \/>\nEl secretario general de la Seccional R\u00edo Grande de ATE confirm\u00f3 el desarrollo del paro de actividades propuesto para hoy por la represi\u00f3n sufrida el viernes en Tolhuin y asegur\u00f3 que \u00abse sentir\u00e1 m\u00e1s, despu\u00e9s del medio d\u00eda\u00bb.<br \/>\nEntrevistado en FM Ritual, dijo que el conflicto del viernes \u00ablo propici\u00f3 el gobierno\u00bb para presionar a los legisladores por la aprobaci\u00f3n de la tarifaria y al poder judicial por la resoluci\u00f3n en torno a la Ley 648.<br \/>\n\u00abQueremos salud digna para nuestros trabajadores y no voy a claudicar en eso\u00bb, concluy\u00f3.<\/p>\n","protected":false},"excerpt":{"rendered":"<p>Marcelo C\u00f3rdoba asegur\u00f3 que no existi\u00f3 notificaci\u00f3n oficial ni llamada telef\u00f3nica a ninguno de los dirigentes por parte del gobierno para confirmar la audiencia del s\u00e1bado a la ma\u00f1ana y dijo que la difusi\u00f3n de la falta del sindicato a la reuni\u00f3n:\u00bbla tomo como una chicana m\u00e1s\u00bb. El secretario general de la Seccional R\u00edo Grande [&hellip;]<\/p>\n","protected":false},"author":7,"featured_media":0,"comment_status":"open","ping_status":"open","sticky":false,"template":"","format":"standard","meta":{"footnotes":""},"categories":[542],"tags":[10,13],"class_list":["post-3517","post","type-post","status-publish","format-standard","hentry","category-fm-ritual","tag-ate","tag-cordoba"],"_links":{"self":[{"href":"https:\/\/archivosonoro.com.ar\/wordpress\/index.php?rest_route=\/wp\/v2\/posts\/3517","targetHints":{"allow":["GET"]}}],"collection":[{"href":"https:\/\/archivosonoro.com.ar\/wordpress\/index.php?rest_route=\/wp\/v2\/posts"}],"about":[{"href":"https:\/\/archivosonoro.com.ar\/wordpress\/index.php?rest_route=\/wp\/v2\/types\/post"}],"author":[{"embeddable":true,"href":"https:\/\/archivosonoro.com.ar\/wordpress\/index.php?rest_route=\/wp\/v2\/users\/7"}],"replies":[{"embeddable":true,"href":"https:\/\/archivosonoro.com.ar\/wordpress\/index.php?rest_route=%2Fwp%2Fv2%2Fcomments&post=3517"}],"version-history":[{"count":1,"href":"https:\/\/archivosonoro.com.ar\/wordpress\/index.php?rest_route=\/wp\/v2\/posts\/3517\/revisions"}],"predecessor-version":[{"id":3518,"href":"https:\/\/archivosonoro.com.ar\/wordpress\/index.php?rest_route=\/wp\/v2\/posts\/3517\/revisions\/3518"}],"wp:attachment":[{"href":"https:\/\/archivosonoro.com.ar\/wordpress\/index.php?rest_route=%2Fwp%2Fv2%2Fmedia&parent=3517"}],"wp:term":[{"taxonomy":"category","embeddable":true,"href":"https:\/\/archivosonoro.com.ar\/wordpress\/index.php?rest_route=%2Fwp%2Fv2%2Fcategories&post=3517"},{"taxonomy":"post_tag","embeddable":true,"href":"https:\/\/archivosonoro.com.ar\/wordpress\/index.php?rest_route=%2Fwp%2Fv2%2Ftags&post=3517"}],"curies":[{"name":"wp","href":"https:\/\/api.w.org\/{rel}","templated":true}]}}