{"id":3463,"date":"2012-10-04T12:10:02","date_gmt":"2012-10-04T15:10:02","guid":{"rendered":"http:\/\/archivosonoro.com.ar\/?p=3463"},"modified":"2012-10-04T12:10:02","modified_gmt":"2012-10-04T15:10:02","slug":"castro-d-multa-al-sutef-acusan-a-la-conduccion-provincial-de-estirar-los-plazos-para-despues-de-las-elecciones-sindicales","status":"publish","type":"post","link":"https:\/\/archivosonoro.com.ar\/wordpress\/?p=3463","title":{"rendered":"Castro D: Multa al SUTEF: Acusan a la conducci\u00f3n provincial de estirar los plazos para despu\u00e9s de las elecciones sindicales."},"content":{"rendered":"<p>El Juez laboral Gustavo Penza rechaz\u00f3 la presentaci\u00f3n del SUTEF y ahora, el sindicato deber\u00e1 pagar la multa impuesta que asciende a m\u00e1s de 600 mil pesos. \u00abEstamos a la espera de explicaciones, fundamentos, de por qu\u00e9 continu\u00f3 este proceso. Por qu\u00e9 no se siguieron otros caminos y se lleg\u00f3 a esta instancia. Los compa\u00f1eros est\u00e1n planteando que van a concurrir a la OIT y al Superior Tribunal de Justicia, ahora, no se que resultados positivos tendr\u00e1n, ojal\u00e1 se consigan por el bien del sindicato y de la comunidad educativa toda\u00bb, dijo Diego Castro en FM Ritual.<br \/>\nEl Secretario General de la Seccional R\u00edo Grande del SUTEF responsabiliz\u00f3 a la conducci\u00f3n provincial por esta situaci\u00f3n: \u00abes lamentable que hayamos llegado a esta situaci\u00f3n. En parte tiene que ver con la metodolog\u00eda que se ha practicado en el sindicato. Vamos a ver si se dan cuenta que hay que cambiarla. Por otro lado tiene que ver con la no escucha, con la soberbia y el impedimento de participaci\u00f3n de la seccional R\u00edo Grande\u00bb. Agreg\u00f3 que se extendieron los plazos para que la sentencia se conozca luego de las elecciones internas sindicales y que no tienen muchas explicaciones desde la conducci\u00f3n provincial: \u00abno tenemos mucha explicaci\u00f3n por parte del abogado, en forma correcta. \u00abEl otro d\u00eda estuvimos reunidos los secretarios generales y la explicaci\u00f3n que dio fue bastante t\u00e9cnica para que no se entienda. Me hizo acordar mucho a Cavallo cuando explic\u00f3 la convertibilidad en los &#8217;90 que sali\u00f3 por los medios para explicarla y nadie lo entendi\u00f3, justamente con el objetivo de que nadie lo entienda, algo muy parecido\u00bb, concluy\u00f3.<\/p>\n","protected":false},"excerpt":{"rendered":"<p>El Juez laboral Gustavo Penza rechaz\u00f3 la presentaci\u00f3n del SUTEF y ahora, el sindicato deber\u00e1 pagar la multa impuesta que asciende a m\u00e1s de 600 mil pesos. \u00abEstamos a la espera de explicaciones, fundamentos, de por qu\u00e9 continu\u00f3 este proceso. Por qu\u00e9 no se siguieron otros caminos y se lleg\u00f3 a esta instancia. Los compa\u00f1eros [&hellip;]<\/p>\n","protected":false},"author":7,"featured_media":0,"comment_status":"open","ping_status":"open","sticky":false,"template":"","format":"standard","meta":{"footnotes":""},"categories":[542],"tags":[428,388,31],"class_list":["post-3463","post","type-post","status-publish","format-standard","hentry","category-fm-ritual","tag-castro","tag-penza","tag-sutef"],"_links":{"self":[{"href":"https:\/\/archivosonoro.com.ar\/wordpress\/index.php?rest_route=\/wp\/v2\/posts\/3463","targetHints":{"allow":["GET"]}}],"collection":[{"href":"https:\/\/archivosonoro.com.ar\/wordpress\/index.php?rest_route=\/wp\/v2\/posts"}],"about":[{"href":"https:\/\/archivosonoro.com.ar\/wordpress\/index.php?rest_route=\/wp\/v2\/types\/post"}],"author":[{"embeddable":true,"href":"https:\/\/archivosonoro.com.ar\/wordpress\/index.php?rest_route=\/wp\/v2\/users\/7"}],"replies":[{"embeddable":true,"href":"https:\/\/archivosonoro.com.ar\/wordpress\/index.php?rest_route=%2Fwp%2Fv2%2Fcomments&post=3463"}],"version-history":[{"count":1,"href":"https:\/\/archivosonoro.com.ar\/wordpress\/index.php?rest_route=\/wp\/v2\/posts\/3463\/revisions"}],"predecessor-version":[{"id":3464,"href":"https:\/\/archivosonoro.com.ar\/wordpress\/index.php?rest_route=\/wp\/v2\/posts\/3463\/revisions\/3464"}],"wp:attachment":[{"href":"https:\/\/archivosonoro.com.ar\/wordpress\/index.php?rest_route=%2Fwp%2Fv2%2Fmedia&parent=3463"}],"wp:term":[{"taxonomy":"category","embeddable":true,"href":"https:\/\/archivosonoro.com.ar\/wordpress\/index.php?rest_route=%2Fwp%2Fv2%2Fcategories&post=3463"},{"taxonomy":"post_tag","embeddable":true,"href":"https:\/\/archivosonoro.com.ar\/wordpress\/index.php?rest_route=%2Fwp%2Fv2%2Ftags&post=3463"}],"curies":[{"name":"wp","href":"https:\/\/api.w.org\/{rel}","templated":true}]}}