{"id":3460,"date":"2012-10-04T11:51:29","date_gmt":"2012-10-04T14:51:29","guid":{"rendered":"http:\/\/archivosonoro.com.ar\/?p=3460"},"modified":"2012-10-04T11:51:29","modified_gmt":"2012-10-04T14:51:29","slug":"garay-h-presupuesto-nacional-todos-los-anos-cada-provincia-pelea-su-presupuesto","status":"publish","type":"post","link":"https:\/\/archivosonoro.com.ar\/wordpress\/?p=3460","title":{"rendered":"Garay H: Presupuesto nacional: \u00abtodos los a\u00f1os, cada provincia pelea su presupuesto\u00bb"},"content":{"rendered":"<p>El Concejal del Frente para la Victoria Hector Garay, se\u00f1al\u00f3 al gobierno provincial como responsable de la falta de partidas significativas para Tierra del Fuego en el presupuesto nacional 2013:\u00bbtodos los a\u00f1os cada provincia pelea su presupuesto. En este caso a nivel gesti\u00f3n no ha sucedido en la mayor\u00eda de las \u00e1reas (&#8230;). Hoy tenemos que decir que en ciertas \u00e1reas no hay pelea por ciertos fondos que tienen que ver con la vivienda o directamente con el \u00e1rea social de la provincia, que no est\u00e1n integradas en el presupuesto nacional\u00bb, asegur\u00f3.<br \/>\nEn FM Ritual, habl\u00f3 de la importancia de elaborar los presupuestos municipales acordes a las condiciones para evitar hacer ajustes o sufrir la merma de alg\u00fan servicio. <\/p>\n","protected":false},"excerpt":{"rendered":"<p>El Concejal del Frente para la Victoria Hector Garay, se\u00f1al\u00f3 al gobierno provincial como responsable de la falta de partidas significativas para Tierra del Fuego en el presupuesto nacional 2013:\u00bbtodos los a\u00f1os cada provincia pelea su presupuesto. En este caso a nivel gesti\u00f3n no ha sucedido en la mayor\u00eda de las \u00e1reas (&#8230;). Hoy tenemos [&hellip;]<\/p>\n","protected":false},"author":7,"featured_media":0,"comment_status":"open","ping_status":"open","sticky":false,"template":"","format":"standard","meta":{"footnotes":""},"categories":[542],"tags":[53,614],"class_list":["post-3460","post","type-post","status-publish","format-standard","hentry","category-fm-ritual","tag-fpv","tag-garay"],"_links":{"self":[{"href":"https:\/\/archivosonoro.com.ar\/wordpress\/index.php?rest_route=\/wp\/v2\/posts\/3460","targetHints":{"allow":["GET"]}}],"collection":[{"href":"https:\/\/archivosonoro.com.ar\/wordpress\/index.php?rest_route=\/wp\/v2\/posts"}],"about":[{"href":"https:\/\/archivosonoro.com.ar\/wordpress\/index.php?rest_route=\/wp\/v2\/types\/post"}],"author":[{"embeddable":true,"href":"https:\/\/archivosonoro.com.ar\/wordpress\/index.php?rest_route=\/wp\/v2\/users\/7"}],"replies":[{"embeddable":true,"href":"https:\/\/archivosonoro.com.ar\/wordpress\/index.php?rest_route=%2Fwp%2Fv2%2Fcomments&post=3460"}],"version-history":[{"count":1,"href":"https:\/\/archivosonoro.com.ar\/wordpress\/index.php?rest_route=\/wp\/v2\/posts\/3460\/revisions"}],"predecessor-version":[{"id":3462,"href":"https:\/\/archivosonoro.com.ar\/wordpress\/index.php?rest_route=\/wp\/v2\/posts\/3460\/revisions\/3462"}],"wp:attachment":[{"href":"https:\/\/archivosonoro.com.ar\/wordpress\/index.php?rest_route=%2Fwp%2Fv2%2Fmedia&parent=3460"}],"wp:term":[{"taxonomy":"category","embeddable":true,"href":"https:\/\/archivosonoro.com.ar\/wordpress\/index.php?rest_route=%2Fwp%2Fv2%2Fcategories&post=3460"},{"taxonomy":"post_tag","embeddable":true,"href":"https:\/\/archivosonoro.com.ar\/wordpress\/index.php?rest_route=%2Fwp%2Fv2%2Ftags&post=3460"}],"curies":[{"name":"wp","href":"https:\/\/api.w.org\/{rel}","templated":true}]}}