{"id":3458,"date":"2012-10-04T11:21:04","date_gmt":"2012-10-04T14:21:04","guid":{"rendered":"http:\/\/archivosonoro.com.ar\/?p=3458"},"modified":"2012-10-04T11:21:04","modified_gmt":"2012-10-04T14:21:04","slug":"garramuno-j-presupuesto-2013-no-estamos-dentro-de-las-prioridades-del-estado-nacional","status":"publish","type":"post","link":"https:\/\/archivosonoro.com.ar\/wordpress\/?p=3458","title":{"rendered":"Garramu\u00f1o J: presupuesto 2013: \u00abno estamos dentro de las prioridades del Estado Nacional\u00bb."},"content":{"rendered":"<p>Analizando el presupuesto nacional que ser\u00e1 debatido en el Congreso en sesi\u00f3n especial el pr\u00f3ximo 10 de octubre, el Diputado Jorge Garramu\u00f1o asegur\u00f3 en FM Ritual: \u00abno hay presupuestado nada importante para Tierra del Fuego. Evidentemente no estamos dentro de las prioridades del Estado Nacional (&#8230;) no est\u00e1n enunciados en el presupuesto montos significativos para ser invertidos en Tierra del Fuego, ll\u00e1mese Vialidad Nacional, o fondos de energ\u00eda o cuestiones de ese tipo\u00bb.<\/p>\n","protected":false},"excerpt":{"rendered":"<p>Analizando el presupuesto nacional que ser\u00e1 debatido en el Congreso en sesi\u00f3n especial el pr\u00f3ximo 10 de octubre, el Diputado Jorge Garramu\u00f1o asegur\u00f3 en FM Ritual: \u00abno hay presupuestado nada importante para Tierra del Fuego. Evidentemente no estamos dentro de las prioridades del Estado Nacional (&#8230;) no est\u00e1n enunciados en el presupuesto montos significativos para [&hellip;]<\/p>\n","protected":false},"author":7,"featured_media":0,"comment_status":"open","ping_status":"open","sticky":false,"template":"","format":"standard","meta":{"footnotes":""},"categories":[542],"tags":[480],"class_list":["post-3458","post","type-post","status-publish","format-standard","hentry","category-fm-ritual","tag-garramuno"],"_links":{"self":[{"href":"https:\/\/archivosonoro.com.ar\/wordpress\/index.php?rest_route=\/wp\/v2\/posts\/3458","targetHints":{"allow":["GET"]}}],"collection":[{"href":"https:\/\/archivosonoro.com.ar\/wordpress\/index.php?rest_route=\/wp\/v2\/posts"}],"about":[{"href":"https:\/\/archivosonoro.com.ar\/wordpress\/index.php?rest_route=\/wp\/v2\/types\/post"}],"author":[{"embeddable":true,"href":"https:\/\/archivosonoro.com.ar\/wordpress\/index.php?rest_route=\/wp\/v2\/users\/7"}],"replies":[{"embeddable":true,"href":"https:\/\/archivosonoro.com.ar\/wordpress\/index.php?rest_route=%2Fwp%2Fv2%2Fcomments&post=3458"}],"version-history":[{"count":1,"href":"https:\/\/archivosonoro.com.ar\/wordpress\/index.php?rest_route=\/wp\/v2\/posts\/3458\/revisions"}],"predecessor-version":[{"id":3459,"href":"https:\/\/archivosonoro.com.ar\/wordpress\/index.php?rest_route=\/wp\/v2\/posts\/3458\/revisions\/3459"}],"wp:attachment":[{"href":"https:\/\/archivosonoro.com.ar\/wordpress\/index.php?rest_route=%2Fwp%2Fv2%2Fmedia&parent=3458"}],"wp:term":[{"taxonomy":"category","embeddable":true,"href":"https:\/\/archivosonoro.com.ar\/wordpress\/index.php?rest_route=%2Fwp%2Fv2%2Fcategories&post=3458"},{"taxonomy":"post_tag","embeddable":true,"href":"https:\/\/archivosonoro.com.ar\/wordpress\/index.php?rest_route=%2Fwp%2Fv2%2Ftags&post=3458"}],"curies":[{"name":"wp","href":"https:\/\/api.w.org\/{rel}","templated":true}]}}