{"id":3448,"date":"2012-10-04T09:56:55","date_gmt":"2012-10-04T12:56:55","guid":{"rendered":"http:\/\/archivosonoro.com.ar\/?p=3448"},"modified":"2012-10-04T09:56:55","modified_gmt":"2012-10-04T12:56:55","slug":"arcando-j-crisis-provincial-el-que-gobierna-no-sabe-administrar-y-no-tiene-capacidad-de-gestion","status":"publish","type":"post","link":"https:\/\/archivosonoro.com.ar\/wordpress\/?p=3448","title":{"rendered":"Arcando J: Crisis provincial \u00abel que gobierna no sabe administrar y no tiene capacidad de gesti\u00f3n\u00bb."},"content":{"rendered":"<p>En respuesta a las declaraciones de Daniel Ravaglia vinculando la crisis provincial al env\u00edo de fondos de Naci\u00f3n, Juan Carlos Arcando asegur\u00f3 que la crisis de la provincia es \u00abporque el que gobierna no sabe administrar los recursos y no tiene la capacidad de gesti\u00f3n suficiente\u00bb. De la planta pol\u00edtica gubernamental, dijo que crea m\u00e1s burocracia y a\u00f1adi\u00f3: \u00absi yo tengo 440 funcionarios p\u00fablicos y la situaci\u00f3n est\u00e1 como est\u00e1, algo est\u00e1 fallando\u00bb.<br \/>\nEntrevistado en FM Ritual, el legislador del FPV confirm\u00f3 que hoy continuar\u00e1 la discusi\u00f3n de la tarifaria en R\u00edo Grande poniendo en conocimiento a los sectores econ\u00f3micos y del trabajo de la provincia las modificaciones introducidas por el ejecutivo. Reafirm\u00f3 la postura del FPV de acompa\u00f1ar el gravamen en los sectores que tienen tasa cero y se mantienen en la posici\u00f3n de rechazar el aumento a la al\u00edcuota de los ingresos brutos ya que ser\u00e1 trasladado a los precios y habr\u00e1 m\u00e1s evasi\u00f3n impositiva. <\/p>\n","protected":false},"excerpt":{"rendered":"<p>En respuesta a las declaraciones de Daniel Ravaglia vinculando la crisis provincial al env\u00edo de fondos de Naci\u00f3n, Juan Carlos Arcando asegur\u00f3 que la crisis de la provincia es \u00abporque el que gobierna no sabe administrar los recursos y no tiene la capacidad de gesti\u00f3n suficiente\u00bb. De la planta pol\u00edtica gubernamental, dijo que crea m\u00e1s [&hellip;]<\/p>\n","protected":false},"author":7,"featured_media":0,"comment_status":"open","ping_status":"open","sticky":false,"template":"","format":"standard","meta":{"footnotes":""},"categories":[542],"tags":[67],"class_list":["post-3448","post","type-post","status-publish","format-standard","hentry","category-fm-ritual","tag-arcando"],"_links":{"self":[{"href":"https:\/\/archivosonoro.com.ar\/wordpress\/index.php?rest_route=\/wp\/v2\/posts\/3448","targetHints":{"allow":["GET"]}}],"collection":[{"href":"https:\/\/archivosonoro.com.ar\/wordpress\/index.php?rest_route=\/wp\/v2\/posts"}],"about":[{"href":"https:\/\/archivosonoro.com.ar\/wordpress\/index.php?rest_route=\/wp\/v2\/types\/post"}],"author":[{"embeddable":true,"href":"https:\/\/archivosonoro.com.ar\/wordpress\/index.php?rest_route=\/wp\/v2\/users\/7"}],"replies":[{"embeddable":true,"href":"https:\/\/archivosonoro.com.ar\/wordpress\/index.php?rest_route=%2Fwp%2Fv2%2Fcomments&post=3448"}],"version-history":[{"count":1,"href":"https:\/\/archivosonoro.com.ar\/wordpress\/index.php?rest_route=\/wp\/v2\/posts\/3448\/revisions"}],"predecessor-version":[{"id":3449,"href":"https:\/\/archivosonoro.com.ar\/wordpress\/index.php?rest_route=\/wp\/v2\/posts\/3448\/revisions\/3449"}],"wp:attachment":[{"href":"https:\/\/archivosonoro.com.ar\/wordpress\/index.php?rest_route=%2Fwp%2Fv2%2Fmedia&parent=3448"}],"wp:term":[{"taxonomy":"category","embeddable":true,"href":"https:\/\/archivosonoro.com.ar\/wordpress\/index.php?rest_route=%2Fwp%2Fv2%2Fcategories&post=3448"},{"taxonomy":"post_tag","embeddable":true,"href":"https:\/\/archivosonoro.com.ar\/wordpress\/index.php?rest_route=%2Fwp%2Fv2%2Ftags&post=3448"}],"curies":[{"name":"wp","href":"https:\/\/api.w.org\/{rel}","templated":true}]}}