{"id":3446,"date":"2012-10-04T01:01:16","date_gmt":"2012-10-04T04:01:16","guid":{"rendered":"http:\/\/archivosonoro.com.ar\/?p=3446"},"modified":"2012-10-04T01:01:16","modified_gmt":"2012-10-04T04:01:16","slug":"rodriguez-j-legisladores-se-reunen-con-los-gremios-en-rio-grande","status":"publish","type":"post","link":"https:\/\/archivosonoro.com.ar\/wordpress\/?p=3446","title":{"rendered":"Rodriguez J: Legisladores se re\u00fanen con los gremios en R\u00edo Grande."},"content":{"rendered":"<p>Analizando la situaci\u00f3n nacional y su incidencia en la provincia, el Legislador Juan \u00abPipo\u00bb Rodr\u00edguez se\u00f1al\u00f3 que \u00abestamos entrando en un punto donde me parece que hay que modificar rumbos buscando el bienestar general\u00bb y habl\u00f3 de una prensa oficialista y una opositora.<br \/>\nEn di\u00e1logo con Radio Argentina, el parlamentario radical resalt\u00f3 la actividad legislativa prevista para este jueves con reuniones en la ciudad de R\u00edo Grande, inicialmente con los gremios y  luego con la gente de metal mec\u00e1nica en lo que tiene que ver con el proyecto del legislador Eduardo Barrientos  relacionado con las empresas que prestan servicios en las petroleras.<br \/>\nConsultado por la situaci\u00f3n del IPAUSS, Rodriguez afirm\u00f3: \u00abun deterioro de 20 a\u00f1os no lo vamos a solucionar en meses\u00bb y habl\u00f3 de producir modificaciones parciales, fundamentalmente, la resoluci\u00f3n de la deuda.<br \/>\nPor \u00faltimo, respondi\u00f3 sobre la municipalizaci\u00f3n de Tolhuin y se esperanz\u00f3 en que el mayor presupuesto que recibir\u00e1, sea volcado a las obras que necesita para su crecimiento.<\/p>\n","protected":false},"excerpt":{"rendered":"<p>Analizando la situaci\u00f3n nacional y su incidencia en la provincia, el Legislador Juan \u00abPipo\u00bb Rodr\u00edguez se\u00f1al\u00f3 que \u00abestamos entrando en un punto donde me parece que hay que modificar rumbos buscando el bienestar general\u00bb y habl\u00f3 de una prensa oficialista y una opositora. En di\u00e1logo con Radio Argentina, el parlamentario radical resalt\u00f3 la actividad legislativa [&hellip;]<\/p>\n","protected":false},"author":7,"featured_media":0,"comment_status":"open","ping_status":"open","sticky":false,"template":"","format":"standard","meta":{"footnotes":""},"categories":[76],"tags":[69,5,483,203],"class_list":["post-3446","post","type-post","status-publish","format-standard","hentry","category-otras","tag-barrientos","tag-ipauss","tag-rodriguez","tag-tolhuin"],"_links":{"self":[{"href":"https:\/\/archivosonoro.com.ar\/wordpress\/index.php?rest_route=\/wp\/v2\/posts\/3446","targetHints":{"allow":["GET"]}}],"collection":[{"href":"https:\/\/archivosonoro.com.ar\/wordpress\/index.php?rest_route=\/wp\/v2\/posts"}],"about":[{"href":"https:\/\/archivosonoro.com.ar\/wordpress\/index.php?rest_route=\/wp\/v2\/types\/post"}],"author":[{"embeddable":true,"href":"https:\/\/archivosonoro.com.ar\/wordpress\/index.php?rest_route=\/wp\/v2\/users\/7"}],"replies":[{"embeddable":true,"href":"https:\/\/archivosonoro.com.ar\/wordpress\/index.php?rest_route=%2Fwp%2Fv2%2Fcomments&post=3446"}],"version-history":[{"count":1,"href":"https:\/\/archivosonoro.com.ar\/wordpress\/index.php?rest_route=\/wp\/v2\/posts\/3446\/revisions"}],"predecessor-version":[{"id":3447,"href":"https:\/\/archivosonoro.com.ar\/wordpress\/index.php?rest_route=\/wp\/v2\/posts\/3446\/revisions\/3447"}],"wp:attachment":[{"href":"https:\/\/archivosonoro.com.ar\/wordpress\/index.php?rest_route=%2Fwp%2Fv2%2Fmedia&parent=3446"}],"wp:term":[{"taxonomy":"category","embeddable":true,"href":"https:\/\/archivosonoro.com.ar\/wordpress\/index.php?rest_route=%2Fwp%2Fv2%2Fcategories&post=3446"},{"taxonomy":"post_tag","embeddable":true,"href":"https:\/\/archivosonoro.com.ar\/wordpress\/index.php?rest_route=%2Fwp%2Fv2%2Ftags&post=3446"}],"curies":[{"name":"wp","href":"https:\/\/api.w.org\/{rel}","templated":true}]}}